{"id":188,"date":"2018-05-10T10:10:00","date_gmt":"2018-05-10T08:10:00","guid":{"rendered":"https:\/\/www.rundwanderweg-triest.de\/?p=188"},"modified":"2018-12-08T17:14:09","modified_gmt":"2018-12-08T16:14:09","slug":"etapa-1-direcciones","status":"publish","type":"post","link":"https:\/\/www.rundwanderweg-triest.de\/es\/etappe-1-wegbeschreibung\/","title":{"rendered":"Etapa 1: Descripci\u00f3n de la ruta"},"content":{"rendered":"<div id=\"pl-188\"  class=\"panel-layout\" ><div id=\"pg-188-0\"  class=\"panel-grid panel-no-style\" ><div id=\"pgc-188-0-0\"  class=\"panel-grid-cell\" ><div id=\"panel-188-0-0-0\" class=\"so-panel widget widget_metaslider_widget panel-first-child panel-last-child\" data-index=\"0\" ><div id=\"metaslider-id-171\" style=\"max-width: 1200px;\" class=\"ml-slider-3-108-0 metaslider metaslider-flex metaslider-171 ml-slider has-dots-nav ms-theme-simply-dark\" role=\"region\" aria-label=\"Etapa 1\" data-height=\"500\" data-width=\"1200\">\n    <div id=\"metaslider_container_171\">\n        <div id=\"metaslider_171\">\n            <ul class='slides'>\n                <li style=\"display: block; width: 100%;\" class=\"slide-173 ms-image\" aria-roledescription=\"slide\" data-date=\"2018-04-01 19:18:07\" data-filename=\"Rundwanderung-Triest-ITA-SLO-Etappe-1-Ausblick-auf-den-Leuchtturm-Faro-della-Vittoria-Hafen-von-Triest-Sicht-bis-nach-Kroatien-1200x500.jpg\" data-slide-type=\"image\"><img loading=\"lazy\" decoding=\"async\" src=\"https:\/\/www.rundwanderweg-triest.de\/wp-content\/uploads\/Rundwanderung-Triest-ITA-SLO-Etappe-1-Ausblick-auf-den-Leuchtturm-Faro-della-Vittoria-Hafen-von-Triest-Sicht-bis-nach-Kroatien-1200x500.jpg\" height=\"500\" width=\"1200\" alt=\"\" class=\"slider-171 slide-173 msDefaultImage\" title=\"Caminata circular Trieste ITA-SLO - Etapa 1 - Vista del faro della Vittoria - Puerto de Trieste - Vista hasta Croacia\" \/><\/li>\n                <li style=\"display: none; width: 100%;\" class=\"slide-174 ms-image\" aria-roledescription=\"slide\" data-date=\"2018-04-01 19:18:07\" data-filename=\"Rundwanderung-Triest-ITA-SLO-Etappe-1-Steiniger-Pfad-in-halber-H\u00f6he-mit-tollem-Blick-zur\u00fcck-auf-Triest-1200x500.jpg\" data-slide-type=\"image\"><img loading=\"lazy\" decoding=\"async\" src=\"https:\/\/www.rundwanderweg-triest.de\/wp-content\/uploads\/Rundwanderung-Triest-ITA-SLO-Etappe-1-Steiniger-Pfad-in-halber-H\u00f6he-mit-tollem-Blick-zur\u00fcck-auf-Triest-1200x500.jpg\" height=\"500\" width=\"1200\" alt=\"\" class=\"slider-171 slide-174 msDefaultImage\" title=\"Caminata circular Trieste ITA-SLO - Etapa 1 - Camino pedregoso a mitad de camino con una gran vista de vuelta a Trieste\" \/><\/li>\n                <li style=\"display: none; width: 100%;\" class=\"slide-176 ms-image\" aria-roledescription=\"slide\" data-date=\"2018-04-01 19:18:07\" data-filename=\"Rundwanderung-Triest-ITA-SLO-Etappe-1-sch\u00f6ner-Treppenanstieg-oberhalb-des-Castello-Miramare.jpg\" data-slide-type=\"image\"><img loading=\"lazy\" decoding=\"async\" src=\"https:\/\/www.rundwanderweg-triest.de\/wp-content\/uploads\/Rundwanderung-Triest-ITA-SLO-Etappe-1-sch\u00f6ner-Treppenanstieg-oberhalb-des-Castello-Miramare.jpg\" height=\"500\" width=\"1200\" alt=\"\" class=\"slider-171 slide-176 msDefaultImage\" title=\"Caminata circular Trieste ITA-SLO - Etapa 1 - hermosa subida de escaleras por encima de Castello Miramare\" \/><\/li>\n                <li style=\"display: none; width: 100%;\" class=\"slide-874 ms-image\" aria-roledescription=\"slide\" data-date=\"2018-10-28 20:09:59\" data-filename=\"Rundwanderung-Triest-ITA-SLO-Etappe-1-karstiger-Fels-mit-Rundumsicht-kurz-vor-Contovello.jpg\" data-slide-type=\"image\"><img loading=\"lazy\" decoding=\"async\" src=\"https:\/\/www.rundwanderweg-triest.de\/wp-content\/uploads\/Rundwanderung-Triest-ITA-SLO-Etappe-1-karstiger-Fels-mit-Rundumsicht-kurz-vor-Contovello.jpg\" height=\"500\" width=\"1200\" alt=\"\" class=\"slider-171 slide-874 msDefaultImage\" title=\"Caminata circular Trieste ITA-SLO - Etapa 1 - roca k\u00e1rstica con vista panor\u00e1mica poco antes de Contovello\" \/><\/li>\n                <li style=\"display: none; width: 100%;\" class=\"slide-876 ms-image\" aria-roledescription=\"slide\" data-date=\"2018-10-28 20:22:23\" data-filename=\"Rundwanderung-Triest-ITA-SLO-Etappe-1-grandioser-Blick-auf-den-Golf-von-Triest.jpg\" data-slide-type=\"image\"><img loading=\"lazy\" decoding=\"async\" src=\"https:\/\/www.rundwanderweg-triest.de\/wp-content\/uploads\/Rundwanderung-Triest-ITA-SLO-Etappe-1-grandioser-Blick-auf-den-Golf-von-Triest.jpg\" height=\"500\" width=\"1200\" alt=\"\" class=\"slider-171 slide-876 msDefaultImage\" title=\"Caminata circular Trieste ITA-SLO - Etapa 1 - magn\u00edfica vista del Golfo de Trieste\" \/><\/li>\n            <\/ul>\n        <\/div>\n        \n    <\/div>\n<\/div><\/div><\/div><\/div><div id=\"pg-188-1\"  class=\"panel-grid panel-no-style\" ><div id=\"pgc-188-1-0\"  class=\"panel-grid-cell\" ><div id=\"panel-188-1-0-0\" class=\"so-panel widget widget_siteorigin-panels-builder panel-first-child panel-last-child\" data-index=\"1\" ><div id=\"pl-w5c0a5cefde4e6\"  class=\"panel-layout\" ><div id=\"pg-w5c0a5cefde4e6-0\"  class=\"panel-grid panel-no-style\" ><div id=\"pgc-w5c0a5cefde4e6-0-0\"  class=\"panel-grid-cell\" ><div id=\"panel-w5c0a5cefde4e6-0-0-0\" class=\"so-panel widget widget_sow-editor panel-first-child panel-last-child\" data-index=\"0\" ><div\n\t\t\t\n\t\t\tclass=\"so-widget-sow-editor so-widget-sow-editor-base\"\n\t\t\t\n\t\t><h3 class=\"widget-title\">Punto de partida: Obelisco de Opicina<\/h3>\n<div class=\"siteorigin-widget-tinymce textwidget\">\n\t<p style=\"text-align: left;\">El punto de partida de la etapa 1 est\u00e1 a unos 3 km en l\u00ednea recta del centro de la ciudad, a una altura de casi 350 metros sobre Trieste, en el\u00a0<em>Obeliscos de Opicina<\/em>. Aqu\u00ed se encuentra una parada de la hist\u00f3rica l\u00ednea 2 del tranv\u00eda, conocida como <i>Tranv\u00eda de Opcina <\/i>El conocido tranv\u00eda es una rareza entre los tranv\u00edas hist\u00f3ricos, ya que es empujado por un funicular en la parte m\u00e1s empinada del recorrido. Lamentablemente, el funcionamiento del tranv\u00eda est\u00e1 interrumpido desde 2016 debido a un accidente, por lo que la ruta es atendida por autobuses.<\/p>\n<p style=\"text-align: left;\">Por lo tanto, tomamos el autob\u00fas hasta el punto de partida de la caminata. La l\u00ednea de autob\u00fas 2 recorre casi exactamente el mismo trayecto que la l\u00ednea de tranv\u00eda n\u00ba 2. Los horarios de salida actuales y un resumen del recorrido se pueden encontrar, por ejemplo, en\u00a0<a href=\"https:\/\/moovit.com\/?fll=45.654481_13.77566&amp;tll=45.67965_13.781172\" target=\"_blank\" rel=\"noopener\">en moovit.com<\/a>. Tenemos m\u00e1s informaci\u00f3n sobre el transporte p\u00fablico en Trieste y sus alrededores <a href=\"https:\/\/www.rundwanderweg-triest.de\/es\/transporte-publico-en-la-region-triest\/\">aqu\u00ed<\/a> compilado.<\/p>\n<\/div>\n<\/div><\/div><\/div><div id=\"pgc-w5c0a5cefde4e6-0-1\"  class=\"panel-grid-cell\" ><div id=\"panel-w5c0a5cefde4e6-0-1-0\" class=\"so-panel widget widget_sow-image panel-first-child panel-last-child\" data-index=\"1\" ><div\n\t\t\t\n\t\t\tclass=\"so-widget-sow-image so-widget-sow-image-default-8b5b6f678277\"\n\t\t\t\n\t\t>\n<div class=\"sow-image-container\">\n\t\t\t<a href=\"https:\/\/www.rundwanderweg-triest.de\/wp-content\/uploads\/Rundwanderung-Triest-ITA-SLO-Etappe-1-Die-historische-Stra\u00dfenbahn-ist-derzeit-leider-au\u00dfer-Betrieb.jpg\">\n\t\t\t<img \n\tsrc=\"https:\/\/www.rundwanderweg-triest.de\/wp-content\/uploads\/Rundwanderung-Triest-ITA-SLO-Etappe-1-Die-historische-Stra\u00dfenbahn-ist-derzeit-leider-au\u00dfer-Betrieb.jpg\" width=\"600\" height=\"800\" srcset=\"https:\/\/www.rundwanderweg-triest.de\/wp-content\/uploads\/Rundwanderung-Triest-ITA-SLO-Etappe-1-Die-historische-Stra\u00dfenbahn-ist-derzeit-leider-au\u00dfer-Betrieb.jpg 600w, https:\/\/www.rundwanderweg-triest.de\/wp-content\/uploads\/Rundwanderung-Triest-ITA-SLO-Etappe-1-Die-historische-Stra\u00dfenbahn-ist-derzeit-leider-au\u00dfer-Betrieb-225x300.jpg 225w\" sizes=\"(max-width: 600px) 100vw, 600px\" title=\"Lamentablemente, el tranv\u00eda hist\u00f3rico est\u00e1 actualmente fuera de servicio\" alt=\"\" \t\tclass=\"so-widget-image\"\/>\n\t\t\t<\/a><\/div>\n\n<h3 class=\"widget-title\">Lamentablemente, el tranv\u00eda hist\u00f3rico est\u00e1 actualmente fuera de servicio<\/h3><\/div><\/div><\/div><\/div><\/div><\/div><\/div><div id=\"pgc-188-1-1\"  class=\"panel-grid-cell\" ><div id=\"panel-188-1-1-0\" class=\"so-panel widget widget_sow-editor panel-first-child\" data-index=\"2\" ><div\n\t\t\t\n\t\t\tclass=\"so-widget-sow-editor so-widget-sow-editor-base\"\n\t\t\t\n\t\t><h3 class=\"widget-title\">Datos sobre la etapa 1<\/h3>\n<div class=\"siteorigin-widget-tinymce textwidget\">\n\t<p><b>Ruta: <\/b> 18,5 km<br \/>\n<b>Altitud en metros: <\/b>290 m de ascenso \/ 555 m de descenso<br \/>\n<b>Duraci\u00f3n:<\/b>\u00a06:45h (sin pausas)<br \/>\nVer tambi\u00e9n <a href=\"https:\/\/www.rundwanderweg-triest.de\/es\/perfil-de-elevacion-de-la-caminata-de-5-dias-alrededor-de-la-isla\/\">Perfil de elevaci\u00f3n<\/a><\/p>\n<\/div>\n<\/div><\/div><div id=\"panel-188-1-1-1\" class=\"so-panel widget widget_edd_product_details\" data-index=\"3\" ><h3 class=\"widget-title\">Descarga de la ruta GPS para la etapa 1 (formato GPX)<\/h3>\t<form id=\"edd_purchase_279\" class=\"edd_download_purchase_form edd_purchase_279\" method=\"post\" action=\"\">\n\n\t\t\n\t\t<div class=\"edd_purchase_submit_wrapper\">\n\t\t\t<button class=\"edd-add-to-cart button green edd-submit\" data-nonce=\"dc766bf3f2\" data-timestamp=\"1777645427\" data-token=\"1774ed31945db94eabc8dabea7b23920f3c55dc6218427f9b8b8898f5875b31a\" data-action=\"edd_add_to_cart\" data-download-id=\"279\" data-variable-price=\"no\" data-price-mode=\"single\" data-price=\"0.00\" ><span class=\"edd-add-to-cart-label\">Gratuito - A\u00f1adir a la cesta<\/span> <span class=\"edd-loading\" aria-label=\"Cargando\"><\/span><\/button><input type=\"submit\" class=\"edd-add-to-cart edd-no-js button green edd-submit\" name=\"edd_purchase_download\" value=\"Gratuito - A\u00f1adir a la cesta\" data-action=\"edd_add_to_cart\" data-download-id=\"279\" data-variable-price=\"no\" data-price-mode=\"single\" \/><a href=\"https:\/\/www.rundwanderweg-triest.de\/es\/kasse\/\" class=\"edd_go_to_checkout button green edd-submit\" style=\"display:none;\">Mostrar la cesta de la compra<\/a>\n\t\t\t\t\t\t\t<span class=\"edd-cart-ajax-alert\" aria-live=\"assertive\">\n\t\t\t\t\t<span class=\"edd-cart-added-alert\" style=\"display: none;\">\n\t\t\t\t\t\t<svg class=\"edd-icon edd-icon-check\" xmlns=\"http:\/\/www.w3.org\/2000\/svg\" width=\"28\" height=\"28\" viewbox=\"0 0 28 28\" aria-hidden=\"true\">\n\t\t\t\t\t\t\t<path d=\"M26.11 8.844c0 .39-.157.78-.44 1.062L12.234 23.344c-.28.28-.672.438-1.062.438s-.78-.156-1.06-.438l-7.782-7.78c-.28-.282-.438-.673-.438-1.063s.156-.78.438-1.06l2.125-2.126c.28-.28.672-.438 1.062-.438s.78.156 1.062.438l4.594 4.61L21.42 5.656c.282-.28.673-.438 1.063-.438s.78.155 1.062.437l2.125 2.125c.28.28.438.672.438 1.062z\"\/>\n\t\t\t\t\t\t<\/svg>\n\t\t\t\t\t\tA\u00f1adido al carrito\t\t\t\t\t<\/span>\n\t\t\t\t<\/span>\n\t\t\t\t\t\t\t\t<\/div><!--end .edd_purchase_submit_wrapper-->\n\n\t\t<input type=\"hidden\" name=\"download_id\" value=\"279\">\n\t\t\t\t\t\t\t<input type=\"hidden\" name=\"edd_action\" class=\"edd_action_input\" value=\"add_to_cart\">\n\t\t\n\t\t\n\t\t\n\t\t\n\t<input type=\"hidden\" name=\"trp-form-language\" value=\"es\"\/><\/form><!--end #edd_purchase_279-->\n\t<\/div><div id=\"panel-188-1-1-2\" class=\"so-panel widget widget_sow-editor panel-last-child\" data-index=\"4\" ><div\n\t\t\t\n\t\t\tclass=\"so-widget-sow-editor so-widget-sow-editor-base\"\n\t\t\t\n\t\t><h3 class=\"widget-title\">Paradas de avituallamiento en el camino<\/h3>\n<div class=\"siteorigin-widget-tinymce textwidget\">\n\t<p>Supermercado y restaurantes en Santa Croce<\/p>\n<\/div>\n<\/div><\/div><\/div><\/div><div id=\"pg-188-2\"  class=\"panel-grid panel-no-style\" ><div id=\"pgc-188-2-0\"  class=\"panel-grid-cell\" ><div id=\"panel-188-2-0-0\" class=\"so-panel widget widget_sow-image panel-first-child panel-last-child\" data-index=\"5\" ><div\n\t\t\t\n\t\t\tclass=\"so-widget-sow-image so-widget-sow-image-default-8b5b6f678277-188\"\n\t\t\t\n\t\t>\n<div class=\"sow-image-container\">\n\t\t\t<a href=\"https:\/\/www.rundwanderweg-triest.de\/wp-content\/uploads\/Rundwanderung-Triest-ITA-SLO-Etappe-1-Blick-auf-den-Leuchtturm-Faro-della-Vittoria.jpg\">\n\t\t\t<img \n\tsrc=\"https:\/\/www.rundwanderweg-triest.de\/wp-content\/uploads\/Rundwanderung-Triest-ITA-SLO-Etappe-1-Blick-auf-den-Leuchtturm-Faro-della-Vittoria.jpg\" width=\"800\" height=\"800\" srcset=\"https:\/\/www.rundwanderweg-triest.de\/wp-content\/uploads\/Rundwanderung-Triest-ITA-SLO-Etappe-1-Blick-auf-den-Leuchtturm-Faro-della-Vittoria.jpg 800w, https:\/\/www.rundwanderweg-triest.de\/wp-content\/uploads\/Rundwanderung-Triest-ITA-SLO-Etappe-1-Blick-auf-den-Leuchtturm-Faro-della-Vittoria-150x150.jpg 150w, https:\/\/www.rundwanderweg-triest.de\/wp-content\/uploads\/Rundwanderung-Triest-ITA-SLO-Etappe-1-Blick-auf-den-Leuchtturm-Faro-della-Vittoria-300x300.jpg 300w, https:\/\/www.rundwanderweg-triest.de\/wp-content\/uploads\/Rundwanderung-Triest-ITA-SLO-Etappe-1-Blick-auf-den-Leuchtturm-Faro-della-Vittoria-768x768.jpg 768w\" sizes=\"(max-width: 800px) 100vw, 800px\" title=\"Vista del Faro della Vittoria\" alt=\"\" \t\tclass=\"so-widget-image\"\/>\n\t\t\t<\/a><\/div>\n\n<h3 class=\"widget-title\">Vista del Faro della Vittoria<\/h3><\/div><\/div><\/div><div id=\"pgc-188-2-1\"  class=\"panel-grid-cell\" ><div id=\"panel-188-2-1-0\" class=\"so-panel widget widget_sow-editor panel-first-child panel-last-child\" data-index=\"6\" ><div\n\t\t\t\n\t\t\tclass=\"so-widget-sow-editor so-widget-sow-editor-base\"\n\t\t\t\n\t\t><h3 class=\"widget-title\">En la Strada Napoleonica a Prosecco\/Contovello<\/h3>\n<div class=\"siteorigin-widget-tinymce textwidget\">\n\t<p>Comenzamos nuestra caminata en el\u00a0<em>Strada Napoleonica,<\/em> una ruta de senderismo panor\u00e1mica muy popular que comienza directamente frente al obelisco de Opicina y conduce al norte desde aqu\u00ed hacia Prosecco\/Contovello. El paseo est\u00e1 muy bien desarrollado durante los primeros kil\u00f3metros, de nivel a ligeramente inclinado y \u00a1muy panor\u00e1mico! Despu\u00e9s de unos 3,5 km, llegamos a un punto destacado en el que el sendero se une a una carretera asfaltada que ha sido parcialmente cortada en la roca. Poco despu\u00e9s de este punto, es una buena idea dejar el camino ancho para un desv\u00edo a la izquierda hacia la cornisa esc\u00e9nica (waypoint 1). Siguiendo, pasamos por una casa de ancianos muy llamativa y cruzamos el pueblo para llegar a nuestro primer destino intermedio, el pueblo de Contovello (waypoint 2, desde el inicio aprox. 1:15h).<\/p>\n<\/div>\n<\/div><\/div><\/div><div id=\"pgc-188-2-2\"  class=\"panel-grid-cell\" ><div id=\"panel-188-2-2-0\" class=\"so-panel widget widget_sow-image panel-first-child panel-last-child\" data-index=\"7\" ><div\n\t\t\t\n\t\t\tclass=\"so-widget-sow-image so-widget-sow-image-default-8b5b6f678277-188\"\n\t\t\t\n\t\t>\n<div class=\"sow-image-container\">\n\t\t\t<a href=\"https:\/\/www.rundwanderweg-triest.de\/wp-content\/uploads\/Rundwanderung-Triest-ITA-SLO-Etappe-1-Startpunkt-ist-der-Obelisk-von-Opicina.jpg\">\n\t\t\t<img \n\tsrc=\"https:\/\/www.rundwanderweg-triest.de\/wp-content\/uploads\/Rundwanderung-Triest-ITA-SLO-Etappe-1-Startpunkt-ist-der-Obelisk-von-Opicina.jpg\" width=\"450\" height=\"800\" srcset=\"https:\/\/www.rundwanderweg-triest.de\/wp-content\/uploads\/Rundwanderung-Triest-ITA-SLO-Etappe-1-Startpunkt-ist-der-Obelisk-von-Opicina.jpg 450w, https:\/\/www.rundwanderweg-triest.de\/wp-content\/uploads\/Rundwanderung-Triest-ITA-SLO-Etappe-1-Startpunkt-ist-der-Obelisk-von-Opicina-169x300.jpg 169w\" sizes=\"(max-width: 450px) 100vw, 450px\" title=\"El punto de partida de la caminata es el Obelisco de Opicina\" alt=\"\" \t\tclass=\"so-widget-image\"\/>\n\t\t\t<\/a><\/div>\n\n<h3 class=\"widget-title\">El punto de partida de la caminata es el Obelisco de Opicina<\/h3><\/div><\/div><\/div><\/div><div id=\"pg-188-3\"  class=\"panel-grid panel-no-style\" ><div id=\"pgc-188-3-0\"  class=\"panel-grid-cell\" ><div id=\"panel-188-3-0-0\" class=\"so-panel widget widget_sow-editor panel-first-child panel-last-child\" data-index=\"8\" ><div\n\t\t\t\n\t\t\tclass=\"so-widget-sow-editor so-widget-sow-editor-base\"\n\t\t\t\n\t\t><h3 class=\"widget-title\">De Contovello a Santa Croce<\/h3>\n<div class=\"siteorigin-widget-tinymce textwidget\">\n\t<p>En Contovello nos encontramos con la carretera de paso, aqu\u00ed giramos a la derecha, cruzamos la carretera en el proceso y la dejamos de nuevo a la izquierda despu\u00e9s de unos metros. En este punto (punto de paso 2), dejamos el sendero del Alpe Adria y giramos a la derecha por un estrecho carril, que poco despu\u00e9s se convierte en una ruta de senderismo y nos lleva al peque\u00f1o estanque de Contovello. En ella hay una mesa y un banco para un breve descanso. Ahora seguimos la carretera asfaltada cuesta abajo, pero poco despu\u00e9s la dejamos a la derecha (punto de ruta 3), luego tomamos los pasos cuesta arriba (punto de ruta 4) y serpenteamos entre vi\u00f1edos (punto de ruta 5) a trav\u00e9s del variado paisaje. Debajo de nosotros reconocemos el blanco\u00a0<em>Castello di Miramare\u00a0<\/em>y el peque\u00f1o puerto de <em>Grignano<\/em>.<\/p>\n<p>En el punto 6, subimos los primeros pelda\u00f1os de una llamativa escalera de roca y, en el rellano superior (punto 7), buscamos el sendero que gira a la izquierda y nos lleva cuesta arriba hacia el bosque (punto 8). En el bosque nos encontramos de nuevo con el sendero del Alpe-Adria (punto de ruta 9), que seguimos a la izquierda durante una corta distancia. En el siguiente cruce en T (punto de paso 10), giramos a la izquierda por la V\u00eda Alpina, ya que el sendero del Alpe Adria se dirige hacia el interior a la derecha, pero queremos continuar hacia el norte por el borde del karst.<\/p>\n<p>En el punto de paso 11 llegamos a un mirador, que recuerda un poco a un trampol\u00edn de 5 metros en una piscina al aire libre. Poco despu\u00e9s llegamos a\u00a0<em>Santa Croce<\/em> (Waypoint 12), un peque\u00f1o pueblo con un supermercado y varios lugares para parar (aproximadamente 2:00h a pie desde Contovello).<\/p>\n<\/div>\n<\/div><\/div><\/div><\/div><div id=\"pg-188-4\"  class=\"panel-grid panel-no-style\" ><div id=\"pgc-188-4-0\"  class=\"panel-grid-cell\" ><div id=\"panel-188-4-0-0\" class=\"so-panel widget widget_sow-image panel-first-child panel-last-child\" data-index=\"9\" ><div\n\t\t\t\n\t\t\tclass=\"so-widget-sow-image so-widget-sow-image-default-8b5b6f678277-188\"\n\t\t\t\n\t\t>\n<div class=\"sow-image-container\">\n\t\t\t<a href=\"https:\/\/www.rundwanderweg-triest.de\/wp-content\/uploads\/Rundwanderung-Triest-ITA-SLO-Etappe-1-Ausblick-auf-das-Schloss-Miramare-und-den-Sporthafen-von-Grignano.jpg\">\n\t\t\t<img \n\tsrc=\"https:\/\/www.rundwanderweg-triest.de\/wp-content\/uploads\/Rundwanderung-Triest-ITA-SLO-Etappe-1-Ausblick-auf-das-Schloss-Miramare-und-den-Sporthafen-von-Grignano.jpg\" width=\"1200\" height=\"500\" srcset=\"https:\/\/www.rundwanderweg-triest.de\/wp-content\/uploads\/Rundwanderung-Triest-ITA-SLO-Etappe-1-Ausblick-auf-das-Schloss-Miramare-und-den-Sporthafen-von-Grignano.jpg 1200w, https:\/\/www.rundwanderweg-triest.de\/wp-content\/uploads\/Rundwanderung-Triest-ITA-SLO-Etappe-1-Ausblick-auf-das-Schloss-Miramare-und-den-Sporthafen-von-Grignano-300x125.jpg 300w, https:\/\/www.rundwanderweg-triest.de\/wp-content\/uploads\/Rundwanderung-Triest-ITA-SLO-Etappe-1-Ausblick-auf-das-Schloss-Miramare-und-den-Sporthafen-von-Grignano-768x320.jpg 768w, https:\/\/www.rundwanderweg-triest.de\/wp-content\/uploads\/Rundwanderung-Triest-ITA-SLO-Etappe-1-Ausblick-auf-das-Schloss-Miramare-und-den-Sporthafen-von-Grignano-1024x427.jpg 1024w\" sizes=\"(max-width: 1200px) 100vw, 1200px\" title=\"Vista del castillo de Miramare y del puerto deportivo de Grignano\" alt=\"\" \t\tclass=\"so-widget-image\"\/>\n\t\t\t<\/a><\/div>\n\n<h3 class=\"widget-title\">Vista del castillo de Miramare y del puerto deportivo de Grignano<\/h3><\/div><\/div><\/div><\/div><div id=\"pg-188-5\"  class=\"panel-grid panel-no-style\" ><div id=\"pgc-188-5-0\"  class=\"panel-grid-cell\" ><div id=\"panel-188-5-0-0\" class=\"so-panel widget widget_sow-image panel-first-child panel-last-child\" data-index=\"10\" ><div\n\t\t\t\n\t\t\tclass=\"so-widget-sow-image so-widget-sow-image-default-8b5b6f678277-188\"\n\t\t\t\n\t\t>\n<div class=\"sow-image-container\">\n\t\t\t<a href=\"https:\/\/www.rundwanderweg-triest.de\/wp-content\/uploads\/Rundwanderung-Triest-ITA-SLO-Etappe-1-Steinm\u00e4nnchen-und-Ausblick-fast-bis-Venedig.jpg\">\n\t\t\t<img \n\tsrc=\"https:\/\/www.rundwanderweg-triest.de\/wp-content\/uploads\/Rundwanderung-Triest-ITA-SLO-Etappe-1-Steinm\u00e4nnchen-und-Ausblick-fast-bis-Venedig.jpg\" width=\"1200\" height=\"675\" srcset=\"https:\/\/www.rundwanderweg-triest.de\/wp-content\/uploads\/Rundwanderung-Triest-ITA-SLO-Etappe-1-Steinm\u00e4nnchen-und-Ausblick-fast-bis-Venedig.jpg 1200w, https:\/\/www.rundwanderweg-triest.de\/wp-content\/uploads\/Rundwanderung-Triest-ITA-SLO-Etappe-1-Steinm\u00e4nnchen-und-Ausblick-fast-bis-Venedig-300x169.jpg 300w, https:\/\/www.rundwanderweg-triest.de\/wp-content\/uploads\/Rundwanderung-Triest-ITA-SLO-Etappe-1-Steinm\u00e4nnchen-und-Ausblick-fast-bis-Venedig-768x432.jpg 768w, https:\/\/www.rundwanderweg-triest.de\/wp-content\/uploads\/Rundwanderung-Triest-ITA-SLO-Etappe-1-Steinm\u00e4nnchen-und-Ausblick-fast-bis-Venedig-1024x576.jpg 1024w\" sizes=\"(max-width: 1200px) 100vw, 1200px\" title=\"Paisaje de mojones y una vista casi hasta Venecia\" alt=\"\" \t\tclass=\"so-widget-image\"\/>\n\t\t\t<\/a><\/div>\n\n<h3 class=\"widget-title\">Paisaje de mojones y una vista casi hasta Venecia<\/h3><\/div><\/div><\/div><div id=\"pgc-188-5-1\"  class=\"panel-grid-cell\" ><div id=\"panel-188-5-1-0\" class=\"so-panel widget widget_sow-editor panel-first-child panel-last-child\" data-index=\"11\" ><div\n\t\t\t\n\t\t\tclass=\"so-widget-sow-editor so-widget-sow-editor-base\"\n\t\t\t\n\t\t><h3 class=\"widget-title\">De Santa Croce a Sistiana<\/h3>\n<div class=\"siteorigin-widget-tinymce textwidget\">\n\t<p>Tras una pausa para almorzar en Santa Croce, la ruta recorre primero varios kil\u00f3metros por el <em>Bosco Babiza<\/em>La zona boscosa entre Santa Croce y Aurisina. All\u00ed, despu\u00e9s de unos 2,5 km, nos encontramos con una torre de vigilancia (Vedetta Liburnia), que ofrece una hermosa vista del Golfo de Trieste.<\/p>\n<p>La V\u00eda Alpina nos lleva entonces hacia el norte, paralelamente a la l\u00ednea de ferrocarril, hasta que pasamos la l\u00ednea de ferrocarril en el punto de paso 13 y luego caminamos por el borde del karst. Justo antes de Sistiana, descendemos a la carretera de la costa. Aqu\u00ed existe la posibilidad de hacer un peque\u00f1o desv\u00edo hacia la playa (punto de ruta 14). La entrada al camino de la cala de guijarros est\u00e1 algo escondida y hay que trepar por la balaustrada para llegar a ella.<\/p>\n<p>Los \u00faltimos dos kil\u00f3metros hasta el final de la etapa 1 los recorremos por la carretera de la costa. El tiempo de caminata desde Santa Croce a Sistiana es de unas 3:30h (sin descanso en la bah\u00eda).<\/p>\n<p>&nbsp;<\/p>\n<\/div>\n<\/div><\/div><\/div><\/div><div id=\"pg-188-6\"  class=\"panel-grid panel-no-style\" ><div id=\"pgc-188-6-0\"  class=\"panel-grid-cell\" ><div id=\"panel-188-6-0-0\" class=\"so-panel widget widget_sow-image panel-first-child panel-last-child\" data-index=\"12\" ><div\n\t\t\t\n\t\t\tclass=\"so-widget-sow-image so-widget-sow-image-default-8b5b6f678277-188\"\n\t\t\t\n\t\t>\n<div class=\"sow-image-container\">\n\t\t\t<a href=\"https:\/\/www.rundwanderweg-triest.de\/wp-content\/uploads\/Rundwanderung-Triest-ITA-SLO-Etappe-1-Geheimer-Pfad-zum-Strand.jpg\">\n\t\t\t<img \n\tsrc=\"https:\/\/www.rundwanderweg-triest.de\/wp-content\/uploads\/Rundwanderung-Triest-ITA-SLO-Etappe-1-Geheimer-Pfad-zum-Strand.jpg\" width=\"900\" height=\"1200\" srcset=\"https:\/\/www.rundwanderweg-triest.de\/wp-content\/uploads\/Rundwanderung-Triest-ITA-SLO-Etappe-1-Geheimer-Pfad-zum-Strand.jpg 900w, https:\/\/www.rundwanderweg-triest.de\/wp-content\/uploads\/Rundwanderung-Triest-ITA-SLO-Etappe-1-Geheimer-Pfad-zum-Strand-225x300.jpg 225w, https:\/\/www.rundwanderweg-triest.de\/wp-content\/uploads\/Rundwanderung-Triest-ITA-SLO-Etappe-1-Geheimer-Pfad-zum-Strand-768x1024.jpg 768w\" sizes=\"(max-width: 900px) 100vw, 900px\" title=\"Desv\u00edo: Camino a la playa\" alt=\"\" \t\tclass=\"so-widget-image\"\/>\n\t\t\t<\/a><\/div>\n\n<h3 class=\"widget-title\">Desv\u00edo: Camino a la playa<\/h3><\/div><\/div><\/div><div id=\"pgc-188-6-1\"  class=\"panel-grid-cell\" ><div id=\"panel-188-6-1-0\" class=\"so-panel widget widget_sow-image panel-first-child panel-last-child\" data-index=\"13\" ><div\n\t\t\t\n\t\t\tclass=\"so-widget-sow-image so-widget-sow-image-default-8b5b6f678277-188\"\n\t\t\t\n\t\t>\n<div class=\"sow-image-container\">\n\t\t\t<a href=\"https:\/\/www.rundwanderweg-triest.de\/wp-content\/uploads\/Rundwanderung-Triest-ITA-SLO-Etappe-1-Kieselsteinbucht-kurz-vor-Sistiana.jpg\">\n\t\t\t<img \n\tsrc=\"https:\/\/www.rundwanderweg-triest.de\/wp-content\/uploads\/Rundwanderung-Triest-ITA-SLO-Etappe-1-Kieselsteinbucht-kurz-vor-Sistiana.jpg\" width=\"1200\" height=\"500\" srcset=\"https:\/\/www.rundwanderweg-triest.de\/wp-content\/uploads\/Rundwanderung-Triest-ITA-SLO-Etappe-1-Kieselsteinbucht-kurz-vor-Sistiana.jpg 1200w, https:\/\/www.rundwanderweg-triest.de\/wp-content\/uploads\/Rundwanderung-Triest-ITA-SLO-Etappe-1-Kieselsteinbucht-kurz-vor-Sistiana-300x125.jpg 300w, https:\/\/www.rundwanderweg-triest.de\/wp-content\/uploads\/Rundwanderung-Triest-ITA-SLO-Etappe-1-Kieselsteinbucht-kurz-vor-Sistiana-768x320.jpg 768w, https:\/\/www.rundwanderweg-triest.de\/wp-content\/uploads\/Rundwanderung-Triest-ITA-SLO-Etappe-1-Kieselsteinbucht-kurz-vor-Sistiana-1024x427.jpg 1024w\" sizes=\"(max-width: 1200px) 100vw, 1200px\" title=\"La bah\u00eda de guijarros justo antes de Sistiana\" alt=\"\" \t\tclass=\"so-widget-image\"\/>\n\t\t\t<\/a><\/div>\n\n<h3 class=\"widget-title\">La bah\u00eda de guijarros justo antes de Sistiana<\/h3><\/div><\/div><\/div><\/div><\/div>","protected":false},"excerpt":{"rendered":"<p>Distancia: 18,5km Desnivel: 290 m de subida \/ 555 m de bajada Duraci\u00f3n: 6:45h (sin descansos) Ver tambi\u00e9n perfil de altitud Supermercado y restaurantes en Santa Croce<\/p>","protected":false},"author":1,"featured_media":0,"comment_status":"closed","ping_status":"closed","sticky":false,"template":"","format":"standard","meta":{"footnotes":""},"categories":[13],"tags":[],"class_list":["post-188","post","type-post","status-publish","format-standard","hentry","category-etappe-1"],"_links":{"self":[{"href":"https:\/\/www.rundwanderweg-triest.de\/es\/wp-json\/wp\/v2\/posts\/188","targetHints":{"allow":["GET"]}}],"collection":[{"href":"https:\/\/www.rundwanderweg-triest.de\/es\/wp-json\/wp\/v2\/posts"}],"about":[{"href":"https:\/\/www.rundwanderweg-triest.de\/es\/wp-json\/wp\/v2\/types\/post"}],"author":[{"embeddable":true,"href":"https:\/\/www.rundwanderweg-triest.de\/es\/wp-json\/wp\/v2\/users\/1"}],"replies":[{"embeddable":true,"href":"https:\/\/www.rundwanderweg-triest.de\/es\/wp-json\/wp\/v2\/comments?post=188"}],"version-history":[{"count":0,"href":"https:\/\/www.rundwanderweg-triest.de\/es\/wp-json\/wp\/v2\/posts\/188\/revisions"}],"wp:attachment":[{"href":"https:\/\/www.rundwanderweg-triest.de\/es\/wp-json\/wp\/v2\/media?parent=188"}],"wp:term":[{"taxonomy":"category","embeddable":true,"href":"https:\/\/www.rundwanderweg-triest.de\/es\/wp-json\/wp\/v2\/categories?post=188"},{"taxonomy":"post_tag","embeddable":true,"href":"https:\/\/www.rundwanderweg-triest.de\/es\/wp-json\/wp\/v2\/tags?post=188"}],"curies":[{"name":"wp","href":"https:\/\/api.w.org\/{rel}","templated":true}]}}