{"id":307,"date":"2018-02-02T16:50:02","date_gmt":"2018-02-02T15:50:02","guid":{"rendered":"https:\/\/www.rundwanderweg-triest.de\/?p=307"},"modified":"2018-12-21T16:55:20","modified_gmt":"2018-12-21T15:55:20","slug":"etapa-4-direcciones","status":"publish","type":"post","link":"https:\/\/www.rundwanderweg-triest.de\/es\/etappe-4-wegbeschreibung\/","title":{"rendered":"Etapa 4: Descripci\u00f3n de la ruta"},"content":{"rendered":"<div id=\"pl-307\"  class=\"panel-layout\" ><div id=\"pg-307-0\"  class=\"panel-grid panel-no-style\" ><div id=\"pgc-307-0-0\"  class=\"panel-grid-cell\" ><div id=\"panel-307-0-0-0\" class=\"so-panel widget widget_metaslider_widget panel-first-child panel-last-child\" data-index=\"0\" ><div id=\"metaslider-id-179\" style=\"max-width: 1200px;\" class=\"ml-slider-3-108-0 metaslider metaslider-flex metaslider-179 ml-slider has-dots-nav ms-theme-simply-dark\" role=\"region\" aria-label=\"Etapa 4\" data-height=\"675\" data-width=\"1200\">\n    <div id=\"metaslider_container_179\">\n        <div id=\"metaslider_179\">\n            <ul class='slides'>\n                <li style=\"display: block; width: 100%;\" class=\"slide-590 ms-image\" aria-roledescription=\"slide\" data-date=\"2018-07-17 16:46:23\" data-filename=\"Rundwanderweg-Triest-Etappe-4-Blick-von-Opicina-auf-den-Golf-von-Triest.jpg\" data-slide-type=\"image\"><img loading=\"lazy\" decoding=\"async\" src=\"https:\/\/www.rundwanderweg-triest.de\/wp-content\/uploads\/Rundwanderweg-Triest-Etappe-4-Blick-von-Opicina-auf-den-Golf-von-Triest.jpg\" height=\"675\" width=\"1200\" alt=\"\" class=\"slider-179 slide-590 msDefaultImage\" title=\"Ruta circular de Trieste - Etapa 4 - Vista del Golfo de Trieste desde Opicina\" \/><\/li>\n                <li style=\"display: none; width: 100%;\" class=\"slide-591 ms-image\" aria-roledescription=\"slide\" data-date=\"2018-07-17 16:46:23\" data-filename=\"Rundwanderweg-Triest-Etappe-4-Rastplatz-mit-Blick-auf-den-Golf-von-Triest.jpg\" data-slide-type=\"image\"><img loading=\"lazy\" decoding=\"async\" src=\"https:\/\/www.rundwanderweg-triest.de\/wp-content\/uploads\/Rundwanderweg-Triest-Etappe-4-Rastplatz-mit-Blick-auf-den-Golf-von-Triest.jpg\" height=\"675\" width=\"1200\" alt=\"\" class=\"slider-179 slide-591 msDefaultImage\" title=\"Ruta circular de Trieste - Etapa 4 - \u00c1rea de descanso con vistas al Golfo de Trieste\" \/><\/li>\n                <li style=\"display: none; width: 100%;\" class=\"slide-592 ms-image\" aria-roledescription=\"slide\" data-date=\"2018-07-17 16:46:23\" data-filename=\"Rundwanderweg-Triest-Etappe-4-Blick-in-Richtung-Slovenien.jpg\" data-slide-type=\"image\"><img loading=\"lazy\" decoding=\"async\" src=\"https:\/\/www.rundwanderweg-triest.de\/wp-content\/uploads\/Rundwanderweg-Triest-Etappe-4-Blick-in-Richtung-Slovenien.jpg\" height=\"675\" width=\"1200\" alt=\"\" class=\"slider-179 slide-592 msDefaultImage\" title=\"Ruta circular de Trieste - Etapa 4 - Vista hacia Eslovenia\" \/><\/li>\n                <li style=\"display: none; width: 100%;\" class=\"slide-593 ms-image\" aria-roledescription=\"slide\" data-date=\"2018-07-17 16:46:23\" data-filename=\"Rundwanderweg-Triest-Etappe-4-Lipizzaner-auf-der-Weider-wir-wandern-mitten-durch-das-Gest\u00fct-Lipica.jpg\" data-slide-type=\"image\"><img loading=\"lazy\" decoding=\"async\" src=\"https:\/\/www.rundwanderweg-triest.de\/wp-content\/uploads\/Rundwanderweg-Triest-Etappe-4-Lipizzaner-auf-der-Weider-wir-wandern-mitten-durch-das-Gest\u00fct-Lipica.jpg\" height=\"675\" width=\"1200\" alt=\"\" class=\"slider-179 slide-593 msDefaultImage\" title=\"Trieste Circular Trail - Etapa 4 - Lipizzaner en el Weider - caminamos por el centro de la Yeguada Lipica\" \/><\/li>\n                <li style=\"display: none; width: 100%;\" class=\"slide-594 ms-image\" aria-roledescription=\"slide\" data-date=\"2018-07-17 16:46:23\" data-filename=\"Rundwanderweg-Triest-Etappe-4-Allee-bei-Lipica.jpg\" data-slide-type=\"image\"><img loading=\"lazy\" decoding=\"async\" src=\"https:\/\/www.rundwanderweg-triest.de\/wp-content\/uploads\/Rundwanderweg-Triest-Etappe-4-Allee-bei-Lipica.jpg\" height=\"675\" width=\"1200\" alt=\"\" class=\"slider-179 slide-594 msDefaultImage\" title=\"Ruta circular de Trieste - Etapa 4 - Callej\u00f3n cerca de Lipica\" \/><\/li>\n            <\/ul>\n        <\/div>\n        \n    <\/div>\n<\/div><\/div><\/div><\/div><div id=\"pg-307-1\"  class=\"panel-grid panel-no-style\" ><div id=\"pgc-307-1-0\"  class=\"panel-grid-cell\" ><div id=\"panel-307-1-0-0\" class=\"so-panel widget widget_sow-editor panel-first-child\" data-index=\"1\" ><div\n\t\t\t\n\t\t\tclass=\"so-widget-sow-editor so-widget-sow-editor-base\"\n\t\t\t\n\t\t><h3 class=\"widget-title\">De Opicina a Basovizza<\/h3>\n<div class=\"siteorigin-widget-tinymce textwidget\">\n\t<p>El primer punto destacado de la caminata de hoy es, al igual que al principio de la etapa 1, el obelisco de Opicina (punto de ruta 1). Las tres primeras etapas de la caminata circular nos han llevado de vuelta al punto de partida en un gran bucle - \u00a1pero a\u00fan nos quedan dos hermosos d\u00edas de caminata por delante! En las etapas 4 y 5 exploramos ahora la parte sur de la provincia de Trieste y tambi\u00e9n nos desviamos hacia Eslovenia. Hoy pasamos casi todo el d\u00eda en el Alpe-Adria-Trail, s\u00f3lo despu\u00e9s de la <em>Yeguada Lipica\u00a0<\/em>(Italiano: <em>Lipizza<\/em>) lo dejamos para pasar la noche en Lokev (Eslovenia).<\/p>\n<p>En el obelisco, primero disfrutamos de la vista del Golfo de Trieste y de la costa eslovena\/croata y luego cruzamos la relativamente transitada carretera de conexi\u00f3n Opicina-Trieste con la ayuda del metro. Seguimos la estrecha acera durante unos metros en direcci\u00f3n a Trieste hasta que una escalera a la izquierda nos lleva al bosque. En el bosque, pasamos por un campamento vallado hasta llegar a un cruce en T poco antes de un alto m\u00e1stil de transmisi\u00f3n de telecomunicaciones, donde caminamos cuesta abajo hacia la derecha (punto de ruta 2). Unos metros m\u00e1s tarde, antes del poblado de \"Conconello\", giramos a la izquierda para adentrarnos en el bosque (waypoint 3).<\/p>\n<\/div>\n<\/div><\/div><div id=\"panel-307-1-0-1\" class=\"so-panel widget widget_sow-image\" data-index=\"2\" ><div\n\t\t\t\n\t\t\tclass=\"so-widget-sow-image so-widget-sow-image-default-8b5b6f678277-307\"\n\t\t\t\n\t\t>\n<div class=\"sow-image-container\">\n\t\t\t<a href=\"https:\/\/www.rundwanderweg-triest.de\/wp-content\/uploads\/Rundwanderweg-Triest-Etappe-4-Hier-biegt-der-Alpe-Adria-Trail-nach-links-ab.jpg\"\n\t\t\t\t\t>\n\t\t\t<img \n\tsrc=\"https:\/\/www.rundwanderweg-triest.de\/wp-content\/uploads\/Rundwanderweg-Triest-Etappe-4-Hier-biegt-der-Alpe-Adria-Trail-nach-links-ab.jpg\" width=\"1200\" height=\"629\" srcset=\"https:\/\/www.rundwanderweg-triest.de\/wp-content\/uploads\/Rundwanderweg-Triest-Etappe-4-Hier-biegt-der-Alpe-Adria-Trail-nach-links-ab.jpg 1200w, https:\/\/www.rundwanderweg-triest.de\/wp-content\/uploads\/Rundwanderweg-Triest-Etappe-4-Hier-biegt-der-Alpe-Adria-Trail-nach-links-ab-300x157.jpg 300w, https:\/\/www.rundwanderweg-triest.de\/wp-content\/uploads\/Rundwanderweg-Triest-Etappe-4-Hier-biegt-der-Alpe-Adria-Trail-nach-links-ab-768x403.jpg 768w, https:\/\/www.rundwanderweg-triest.de\/wp-content\/uploads\/Rundwanderweg-Triest-Etappe-4-Hier-biegt-der-Alpe-Adria-Trail-nach-links-ab-1024x537.jpg 1024w\" sizes=\"(max-width: 1200px) 100vw, 1200px\" title=\"Aqu\u00ed la ruta del Alpe-Adria gira a la izquierda\" alt=\"\" \t\tclass=\"so-widget-image\"\/>\n\t\t\t<\/a><\/div>\n\n<h3 class=\"widget-title\">Aqu\u00ed la ruta del Alpe-Adria gira a la izquierda<\/h3><\/div><\/div><div id=\"panel-307-1-0-2\" class=\"so-panel widget widget_sow-editor panel-last-child\" data-index=\"3\" ><div\n\t\t\t\n\t\t\tclass=\"so-widget-sow-editor so-widget-sow-editor-base\"\n\t\t\t\n\t\t>\n<div class=\"siteorigin-widget-tinymce textwidget\">\n\t<p>En cuanto el camino se vuelve un poco m\u00e1s accidentado, giramos a la izquierda (punto de ruta 4) y seguimos el sendero del Alpe-Adria cuesta arriba. En el bosque cruzamos la V\u00eda-Alpina (punto de ruta 5), pero seguimos recto, ahora en ligero descenso sobre un espacio abierto con llamativos surcos.<\/p>\n<p>Cruzamos la autopista y llegamos a Trebiciano, un peque\u00f1o y discreto pueblo. Aqu\u00ed nos mantenemos a la derecha (punto de ruta 6) y giramos a la izquierda justo antes de la peque\u00f1a iglesia del pueblo. En un peque\u00f1o estanque, apenas visible en tiempo seco, nos mantenemos a la derecha y salimos del pueblo por un camino agr\u00edcola. Ahora vamos m\u00e1s o menos en l\u00ednea recta hasta que, despu\u00e9s de <em>Gropada<\/em>\u00a0otro peque\u00f1o pueblo del Karst. Existe la posibilidad de almorzar temprano en el\u00a0<a href=\"https:\/\/goo.gl\/maps\/ZLo68q6tcrx\" target=\"_blank\" rel=\"noopener\">Agriturismo Picko<\/a>donde se sirven productos de nuestro propio cultivo.<\/p>\n<p>Despu\u00e9s de unas 4:00 horas de marcha (desde Opicina) llegamos a la entrada de Basovizza (waypoint 7). Si quiere continuar directamente por el Alpe-Adria-Trail, puede tomar un atajo a la izquierda aqu\u00ed, de lo contrario vale la pena desviarse al peque\u00f1o centro de Basovizza (punto de ruta 8) para una pausa para comer. All\u00ed hay varios restaurantes y caf\u00e9s. En nuestra caminata encontramos el <a href=\"https:\/\/www.centerhotel.it\/trattoria-pizzeria-al-tiglio-pri-lipi\/\" target=\"_blank\" rel=\"noopener\">Trattoria-Pizzer\u00eda Al Tiglio<\/a>\u00a0muy atractivo: en el patio interior y bajo la sombra de un gran tilo, es un lugar excelente para cenar.<\/p>\n<\/div>\n<\/div><\/div><\/div><div id=\"pgc-307-1-1\"  class=\"panel-grid-cell\" ><div id=\"panel-307-1-1-0\" class=\"so-panel widget widget_sow-editor panel-first-child\" data-index=\"4\" ><div\n\t\t\t\n\t\t\tclass=\"so-widget-sow-editor so-widget-sow-editor-base\"\n\t\t\t\n\t\t><h3 class=\"widget-title\">Datos sobre la etapa 4<\/h3>\n<div class=\"siteorigin-widget-tinymce textwidget\">\n\t<p><b>Ruta: <\/b> 21,5 km<br \/>\n<b>Altitud en metros: <\/b> 375 m de ascenso \/ 265 m de descenso<br \/>\n<b>Duraci\u00f3n:<\/b> 7:30h (sin pausas)<br \/>\nVer tambi\u00e9n <a href=\"https:\/\/www.rundwanderweg-triest.de\/es\/perfil-de-elevacion-de-la-caminata-de-5-dias-alrededor-de-la-isla\/\">Perfil de elevaci\u00f3n<\/a><\/p>\n<\/div>\n<\/div><\/div><div id=\"panel-307-1-1-1\" class=\"so-panel widget widget_edd_product_details\" data-index=\"5\" ><h3 class=\"widget-title\">Descarga de la ruta GPS para la etapa 4 (formato GPX)<\/h3>\t<form id=\"edd_purchase_288\" class=\"edd_download_purchase_form edd_purchase_288\" method=\"post\" action=\"\">\n\n\t\t\n\t\t<div class=\"edd_purchase_submit_wrapper\">\n\t\t\t<button class=\"edd-add-to-cart button green edd-submit\" data-nonce=\"6d383cacb3\" data-timestamp=\"1777640393\" data-token=\"85c2a7cd17f6274e756f96a10bc8c89bf1f24254c8cdad9563bbcfc175ef834f\" data-action=\"edd_add_to_cart\" data-download-id=\"288\" data-variable-price=\"no\" data-price-mode=\"single\" data-price=\"0.00\" ><span class=\"edd-add-to-cart-label\">Gratuito - A\u00f1adir a la cesta<\/span> <span class=\"edd-loading\" aria-label=\"Cargando\"><\/span><\/button><input type=\"submit\" class=\"edd-add-to-cart edd-no-js button green edd-submit\" name=\"edd_purchase_download\" value=\"Gratuito - A\u00f1adir a la cesta\" data-action=\"edd_add_to_cart\" data-download-id=\"288\" data-variable-price=\"no\" data-price-mode=\"single\" \/><a href=\"https:\/\/www.rundwanderweg-triest.de\/es\/kasse\/\" class=\"edd_go_to_checkout button green edd-submit\" style=\"display:none;\">Mostrar la cesta de la compra<\/a>\n\t\t\t\t\t\t\t<span class=\"edd-cart-ajax-alert\" aria-live=\"assertive\">\n\t\t\t\t\t<span class=\"edd-cart-added-alert\" style=\"display: none;\">\n\t\t\t\t\t\t<svg class=\"edd-icon edd-icon-check\" xmlns=\"http:\/\/www.w3.org\/2000\/svg\" width=\"28\" height=\"28\" viewbox=\"0 0 28 28\" aria-hidden=\"true\">\n\t\t\t\t\t\t\t<path d=\"M26.11 8.844c0 .39-.157.78-.44 1.062L12.234 23.344c-.28.28-.672.438-1.062.438s-.78-.156-1.06-.438l-7.782-7.78c-.28-.282-.438-.673-.438-1.063s.156-.78.438-1.06l2.125-2.126c.28-.28.672-.438 1.062-.438s.78.156 1.062.438l4.594 4.61L21.42 5.656c.282-.28.673-.438 1.063-.438s.78.155 1.062.437l2.125 2.125c.28.28.438.672.438 1.062z\"\/>\n\t\t\t\t\t\t<\/svg>\n\t\t\t\t\t\tA\u00f1adido al carrito\t\t\t\t\t<\/span>\n\t\t\t\t<\/span>\n\t\t\t\t\t\t\t\t<\/div><!--end .edd_purchase_submit_wrapper-->\n\n\t\t<input type=\"hidden\" name=\"download_id\" value=\"288\">\n\t\t\t\t\t\t\t<input type=\"hidden\" name=\"edd_action\" class=\"edd_action_input\" value=\"add_to_cart\">\n\t\t\n\t\t\n\t\t\n\t\t\n\t<input type=\"hidden\" name=\"trp-form-language\" value=\"es\"\/><\/form><!--end #edd_purchase_288-->\n\t<\/div><div id=\"panel-307-1-1-2\" class=\"so-panel widget widget_sow-editor\" data-index=\"6\" ><div\n\t\t\t\n\t\t\tclass=\"so-widget-sow-editor so-widget-sow-editor-base\"\n\t\t\t\n\t\t><h3 class=\"widget-title\">Paradas de avituallamiento en el camino<\/h3>\n<div class=\"siteorigin-widget-tinymce textwidget\">\n\t<p>Supermercado, Bares y Restaurantes en Basovizza<\/p>\n<\/div>\n<\/div><\/div><div id=\"panel-307-1-1-3\" class=\"so-panel widget widget_sow-image\" data-index=\"7\" ><div\n\t\t\t\n\t\t\tclass=\"so-widget-sow-image so-widget-sow-image-default-8b5b6f678277-307\"\n\t\t\t\n\t\t>\n<div class=\"sow-image-container\">\n\t\t\t<a href=\"https:\/\/www.rundwanderweg-triest.de\/wp-content\/uploads\/Rundwanderweg-Triest-Etappe-4-Blick-auf-den-Golf-von-Triest.jpg\">\n\t\t\t<img \n\tsrc=\"https:\/\/www.rundwanderweg-triest.de\/wp-content\/uploads\/Rundwanderweg-Triest-Etappe-4-Blick-auf-den-Golf-von-Triest.jpg\" width=\"600\" height=\"800\" srcset=\"https:\/\/www.rundwanderweg-triest.de\/wp-content\/uploads\/Rundwanderweg-Triest-Etappe-4-Blick-auf-den-Golf-von-Triest.jpg 600w, https:\/\/www.rundwanderweg-triest.de\/wp-content\/uploads\/Rundwanderweg-Triest-Etappe-4-Blick-auf-den-Golf-von-Triest-225x300.jpg 225w\" sizes=\"(max-width: 600px) 100vw, 600px\" title=\"Ruta circular de Trieste - Etapa 4 - Vista del Golfo de Trieste\" alt=\"\" \t\tclass=\"so-widget-image\"\/>\n\t\t\t<\/a><\/div>\n\n<\/div><\/div><div id=\"panel-307-1-1-4\" class=\"so-panel widget widget_sow-image panel-last-child\" data-index=\"8\" ><div\n\t\t\t\n\t\t\tclass=\"so-widget-sow-image so-widget-sow-image-default-8b5b6f678277-307\"\n\t\t\t\n\t\t>\n<div class=\"sow-image-container\">\n\t\t\t<a href=\"https:\/\/www.rundwanderweg-triest.de\/wp-content\/uploads\/Rundwanderweg-Triest-Etappe-4-Mittagspause-in-der-Pizzeria-Al-Tiglio-in-Basovizza.jpg\">\n\t\t\t<img \n\tsrc=\"https:\/\/www.rundwanderweg-triest.de\/wp-content\/uploads\/Rundwanderweg-Triest-Etappe-4-Mittagspause-in-der-Pizzeria-Al-Tiglio-in-Basovizza.jpg\" width=\"1200\" height=\"675\" srcset=\"https:\/\/www.rundwanderweg-triest.de\/wp-content\/uploads\/Rundwanderweg-Triest-Etappe-4-Mittagspause-in-der-Pizzeria-Al-Tiglio-in-Basovizza.jpg 1200w, https:\/\/www.rundwanderweg-triest.de\/wp-content\/uploads\/Rundwanderweg-Triest-Etappe-4-Mittagspause-in-der-Pizzeria-Al-Tiglio-in-Basovizza-300x169.jpg 300w, https:\/\/www.rundwanderweg-triest.de\/wp-content\/uploads\/Rundwanderweg-Triest-Etappe-4-Mittagspause-in-der-Pizzeria-Al-Tiglio-in-Basovizza-768x432.jpg 768w, https:\/\/www.rundwanderweg-triest.de\/wp-content\/uploads\/Rundwanderweg-Triest-Etappe-4-Mittagspause-in-der-Pizzeria-Al-Tiglio-in-Basovizza-1024x576.jpg 1024w\" sizes=\"(max-width: 1200px) 100vw, 1200px\" title=\"Pausa para comer bajo el tilo en la Pizzer\u00eda Al Tiglio de Basovizza\" alt=\"\" \t\tclass=\"so-widget-image\"\/>\n\t\t\t<\/a><\/div>\n\n<h3 class=\"widget-title\">Pausa para comer bajo el tilo en la Pizzer\u00eda Al Tiglio de Basovizza<\/h3><\/div><\/div><\/div><\/div><div id=\"pg-307-2\"  class=\"panel-grid panel-no-style\" ><div id=\"pgc-307-2-0\"  class=\"panel-grid-cell\" ><div id=\"panel-307-2-0-0\" class=\"so-panel widget widget_sow-editor panel-first-child panel-last-child\" data-index=\"9\" ><div\n\t\t\t\n\t\t\tclass=\"so-widget-sow-editor so-widget-sow-editor-base\"\n\t\t\t\n\t\t><h3 class=\"widget-title\">De Basovizza a Eslovenia<\/h3>\n<div class=\"siteorigin-widget-tinymce textwidget\">\n\t<p>Desde Basovizza se vuelve a la direcci\u00f3n del waypoint 7, donde est\u00e1 el Alpe-Adria-Trail <em>Sentiero <a href=\"https:\/\/de.wikipedia.org\/wiki\/Josef_Ressel\" target=\"_blank\" rel=\"noopener\">Josef Ressel<\/a><\/em>\u00a0lleva hacia el norte. En el punto de ruta 9 cruzamos la frontera entre Italia y Eslovenia, casi sin darnos cuenta. Eslovenia es miembro de la UE desde 2004 y se adhiri\u00f3 al Acuerdo de Schengen y al euro en 2007, as\u00ed que ni siquiera tenemos que cambiar dinero en nuestra excursi\u00f3n \"internacional\" de larga distancia. Poco despu\u00e9s de la frontera, dejamos el camino recto a la derecha (punto de ruta 10) y nos acercamos a la yeguada Lipica por detr\u00e1s (ver <a href=\"https:\/\/www.rundwanderweg-triest.de\/es\/lugares-de-interes-en-la-ruta-de-senderismo\/\">Lugares de inter\u00e9s en la ruta<\/a>). En el aparcamiento de visitantes (punto 11) giramos a la izquierda) y luego directamente a la derecha de nuevo (punto 12). A partir de aqu\u00ed, lamentablemente, tenemos que caminar por la carretera de acceso a la yeguada durante un rato, ya que toda la zona pertenece a la yeguada y no es posible otro camino. Sin embargo, la vista de los amplios potreros con muchos potros (en su mayor\u00eda todav\u00eda oscuros) y los caballos blancos lipizanos de m\u00e1s edad compensa el molesto tr\u00e1fico.<\/p>\n<p>En cuanto terminan las vallas blancas de madera de la yeguada, dejamos el Alpe-Adria-Trail y giramos a la izquierda (punto de paso 13) por la Via Alpina. Podemos seguirla continuamente en un amplio giro a la derecha hasta Lokev o podemos girar a la derecha en el waypoint 14 y tomar la ruta directa a Lokev como atajo (desde Basovizza aprox. 3:30h hasta Lokev, con desv\u00edos aprox. 20 min m\u00e1s).<\/p>\n<p>&nbsp;<\/p>\n<\/div>\n<\/div><\/div><\/div><div id=\"pgc-307-2-1\"  class=\"panel-grid-cell\" ><div id=\"panel-307-2-1-0\" class=\"so-panel widget widget_sow-image panel-first-child\" data-index=\"10\" ><div\n\t\t\t\n\t\t\tclass=\"so-widget-sow-image so-widget-sow-image-default-8b5b6f678277-307\"\n\t\t\t\n\t\t>\n<div class=\"sow-image-container\">\n\t\t\t<a href=\"https:\/\/www.rundwanderweg-triest.de\/wp-content\/uploads\/Rundwanderweg-Triest-Etappe-4-idylischer-Weg-mit-Laubwald-und-Steinm\u00e4uerchen.jpg\">\n\t\t\t<img \n\tsrc=\"https:\/\/www.rundwanderweg-triest.de\/wp-content\/uploads\/Rundwanderweg-Triest-Etappe-4-idylischer-Weg-mit-Laubwald-und-Steinm\u00e4uerchen.jpg\" width=\"1200\" height=\"622\" srcset=\"https:\/\/www.rundwanderweg-triest.de\/wp-content\/uploads\/Rundwanderweg-Triest-Etappe-4-idylischer-Weg-mit-Laubwald-und-Steinm\u00e4uerchen.jpg 1200w, https:\/\/www.rundwanderweg-triest.de\/wp-content\/uploads\/Rundwanderweg-Triest-Etappe-4-idylischer-Weg-mit-Laubwald-und-Steinm\u00e4uerchen-300x156.jpg 300w, https:\/\/www.rundwanderweg-triest.de\/wp-content\/uploads\/Rundwanderweg-Triest-Etappe-4-idylischer-Weg-mit-Laubwald-und-Steinm\u00e4uerchen-768x398.jpg 768w, https:\/\/www.rundwanderweg-triest.de\/wp-content\/uploads\/Rundwanderweg-Triest-Etappe-4-idylischer-Weg-mit-Laubwald-und-Steinm\u00e4uerchen-1024x531.jpg 1024w\" sizes=\"(max-width: 1200px) 100vw, 1200px\" title=\"Sendero id\u00edlico con bosque caducifolio y muros de piedra\" alt=\"\" \t\tclass=\"so-widget-image\"\/>\n\t\t\t<\/a><\/div>\n\n<h3 class=\"widget-title\">Sendero id\u00edlico con bosque caducifolio y muros de piedra<\/h3><\/div><\/div><div id=\"panel-307-2-1-1\" class=\"so-panel widget widget_siteorigin-panels-builder panel-last-child\" data-index=\"11\" ><div id=\"pl-w5bf843e6ea56c\"  class=\"panel-layout\" ><div id=\"pg-w5bf843e6ea56c-0\"  class=\"panel-grid panel-no-style\" ><div id=\"pgc-w5bf843e6ea56c-0-0\"  class=\"panel-grid-cell\" ><div id=\"panel-w5bf843e6ea56c-0-0-0\" class=\"so-panel widget widget_sow-image panel-first-child panel-last-child\" data-index=\"0\" ><div\n\t\t\t\n\t\t\tclass=\"so-widget-sow-image so-widget-sow-image-default-8b5b6f678277\"\n\t\t\t\n\t\t>\n<div class=\"sow-image-container\">\n\t\t\t<a href=\"https:\/\/www.rundwanderweg-triest.de\/wp-content\/uploads\/Rundwanderweg-Triest-Etappe-4-Das-Gest\u00fct-Lipica-z\u00fcchtet-als-Lipizzaner-bekannten-Schimmel.jpg\">\n\t\t\t<img \n\tsrc=\"https:\/\/www.rundwanderweg-triest.de\/wp-content\/uploads\/Rundwanderweg-Triest-Etappe-4-Das-Gest\u00fct-Lipica-z\u00fcchtet-als-Lipizzaner-bekannten-Schimmel.jpg\" width=\"1200\" height=\"675\" srcset=\"https:\/\/www.rundwanderweg-triest.de\/wp-content\/uploads\/Rundwanderweg-Triest-Etappe-4-Das-Gest\u00fct-Lipica-z\u00fcchtet-als-Lipizzaner-bekannten-Schimmel.jpg 1200w, https:\/\/www.rundwanderweg-triest.de\/wp-content\/uploads\/Rundwanderweg-Triest-Etappe-4-Das-Gest\u00fct-Lipica-z\u00fcchtet-als-Lipizzaner-bekannten-Schimmel-300x169.jpg 300w, https:\/\/www.rundwanderweg-triest.de\/wp-content\/uploads\/Rundwanderweg-Triest-Etappe-4-Das-Gest\u00fct-Lipica-z\u00fcchtet-als-Lipizzaner-bekannten-Schimmel-768x432.jpg 768w, https:\/\/www.rundwanderweg-triest.de\/wp-content\/uploads\/Rundwanderweg-Triest-Etappe-4-Das-Gest\u00fct-Lipica-z\u00fcchtet-als-Lipizzaner-bekannten-Schimmel-1024x576.jpg 1024w\" sizes=\"(max-width: 1200px) 100vw, 1200px\" title=\"Lipizzaner en el paddock\" alt=\"\" \t\tclass=\"so-widget-image\"\/>\n\t\t\t<\/a><\/div>\n\n<h3 class=\"widget-title\">Lipizzaner en el paddock<\/h3><\/div><\/div><\/div><div id=\"pgc-w5bf843e6ea56c-0-1\"  class=\"panel-grid-cell\" ><div id=\"panel-w5bf843e6ea56c-0-1-0\" class=\"so-panel widget widget_sow-image panel-first-child panel-last-child\" data-index=\"1\" ><div\n\t\t\t\n\t\t\tclass=\"so-widget-sow-image so-widget-sow-image-default-8b5b6f678277\"\n\t\t\t\n\t\t>\n<div class=\"sow-image-container\">\n\t\t\t<a href=\"https:\/\/www.rundwanderweg-triest.de\/wp-content\/uploads\/Rundwanderweg-Triest-Etappe-4-Allee-bei-Lipica.jpg\">\n\t\t\t<img \n\tsrc=\"https:\/\/www.rundwanderweg-triest.de\/wp-content\/uploads\/Rundwanderweg-Triest-Etappe-4-Allee-bei-Lipica.jpg\" width=\"1200\" height=\"675\" srcset=\"https:\/\/www.rundwanderweg-triest.de\/wp-content\/uploads\/Rundwanderweg-Triest-Etappe-4-Allee-bei-Lipica.jpg 1200w, https:\/\/www.rundwanderweg-triest.de\/wp-content\/uploads\/Rundwanderweg-Triest-Etappe-4-Allee-bei-Lipica-300x169.jpg 300w, https:\/\/www.rundwanderweg-triest.de\/wp-content\/uploads\/Rundwanderweg-Triest-Etappe-4-Allee-bei-Lipica-768x432.jpg 768w, https:\/\/www.rundwanderweg-triest.de\/wp-content\/uploads\/Rundwanderweg-Triest-Etappe-4-Allee-bei-Lipica-1024x576.jpg 1024w\" sizes=\"(max-width: 1200px) 100vw, 1200px\" title=\"Hermoso, pero lamentablemente congestionado camino\" alt=\"\" \t\tclass=\"so-widget-image\"\/>\n\t\t\t<\/a><\/div>\n\n<h3 class=\"widget-title\">Hermoso, pero lamentablemente congestionado camino<\/h3><\/div><\/div><\/div><\/div><\/div><\/div><\/div><\/div><div id=\"pg-307-3\"  class=\"panel-grid panel-no-style\" ><div id=\"pgc-307-3-0\"  class=\"panel-grid-cell\" ><div id=\"panel-307-3-0-0\" class=\"so-panel widget widget_sow-image panel-first-child panel-last-child\" data-index=\"12\" ><div\n\t\t\t\n\t\t\tclass=\"so-widget-sow-image so-widget-sow-image-default-8b5b6f678277-307\"\n\t\t\t\n\t\t>\n<div class=\"sow-image-container\">\n\t\t\t<a href=\"https:\/\/www.rundwanderweg-triest.de\/wp-content\/uploads\/Rundwanderweg-Triest-Etappe-4-Blick-auf-Lokev-in-Slovenien.jpg\">\n\t\t\t<img \n\tsrc=\"https:\/\/www.rundwanderweg-triest.de\/wp-content\/uploads\/Rundwanderweg-Triest-Etappe-4-Blick-auf-Lokev-in-Slovenien.jpg\" width=\"1200\" height=\"675\" srcset=\"https:\/\/www.rundwanderweg-triest.de\/wp-content\/uploads\/Rundwanderweg-Triest-Etappe-4-Blick-auf-Lokev-in-Slovenien.jpg 1200w, https:\/\/www.rundwanderweg-triest.de\/wp-content\/uploads\/Rundwanderweg-Triest-Etappe-4-Blick-auf-Lokev-in-Slovenien-300x169.jpg 300w, https:\/\/www.rundwanderweg-triest.de\/wp-content\/uploads\/Rundwanderweg-Triest-Etappe-4-Blick-auf-Lokev-in-Slovenien-768x432.jpg 768w, https:\/\/www.rundwanderweg-triest.de\/wp-content\/uploads\/Rundwanderweg-Triest-Etappe-4-Blick-auf-Lokev-in-Slovenien-1024x576.jpg 1024w\" sizes=\"(max-width: 1200px) 100vw, 1200px\" title=\"Poco antes de la llegada: Vista del centro hist\u00f3rico de Lokev\" alt=\"\" \t\tclass=\"so-widget-image\"\/>\n\t\t\t<\/a><\/div>\n\n<h3 class=\"widget-title\">Poco antes de la llegada: Vista del centro hist\u00f3rico de Lokev<\/h3><\/div><\/div><\/div><\/div><\/div>","protected":false},"excerpt":{"rendered":"<p>Der erste markante Punkt auf der heutigen Wanderung ist &#8211; wie schon zum Beginn von Etappe 1 &#8211; der Obelisk von Opicina (Wegpunkt 1). Die ersten drei Etappen der Rundwanderung haben uns in einer gro\u00dfen Runde wieder zum Ausgangspunkt zur\u00fcckgef\u00fchrt &#8211; aber wir haben noch zwei sch\u00f6ne Wandertage vor uns! Auf Etappe 4 und 5 [&hellip;]<\/p>\n","protected":false},"author":1,"featured_media":0,"comment_status":"closed","ping_status":"closed","sticky":false,"template":"","format":"standard","meta":{"footnotes":""},"categories":[10],"tags":[],"class_list":["post-307","post","type-post","status-publish","format-standard","hentry","category-etappe-4"],"_links":{"self":[{"href":"https:\/\/www.rundwanderweg-triest.de\/es\/wp-json\/wp\/v2\/posts\/307","targetHints":{"allow":["GET"]}}],"collection":[{"href":"https:\/\/www.rundwanderweg-triest.de\/es\/wp-json\/wp\/v2\/posts"}],"about":[{"href":"https:\/\/www.rundwanderweg-triest.de\/es\/wp-json\/wp\/v2\/types\/post"}],"author":[{"embeddable":true,"href":"https:\/\/www.rundwanderweg-triest.de\/es\/wp-json\/wp\/v2\/users\/1"}],"replies":[{"embeddable":true,"href":"https:\/\/www.rundwanderweg-triest.de\/es\/wp-json\/wp\/v2\/comments?post=307"}],"version-history":[{"count":0,"href":"https:\/\/www.rundwanderweg-triest.de\/es\/wp-json\/wp\/v2\/posts\/307\/revisions"}],"wp:attachment":[{"href":"https:\/\/www.rundwanderweg-triest.de\/es\/wp-json\/wp\/v2\/media?parent=307"}],"wp:term":[{"taxonomy":"category","embeddable":true,"href":"https:\/\/www.rundwanderweg-triest.de\/es\/wp-json\/wp\/v2\/categories?post=307"},{"taxonomy":"post_tag","embeddable":true,"href":"https:\/\/www.rundwanderweg-triest.de\/es\/wp-json\/wp\/v2\/tags?post=307"}],"curies":[{"name":"wp","href":"https:\/\/api.w.org\/{rel}","templated":true}]}}