{"id":1142,"date":"2018-12-07T17:01:43","date_gmt":"2018-12-07T16:01:43","guid":{"rendered":"https:\/\/www.rundwanderweg-triest.de\/?p=1142"},"modified":"2018-12-07T17:59:27","modified_gmt":"2018-12-07T16:59:27","slug":"trieste","status":"publish","type":"post","link":"https:\/\/www.rundwanderweg-triest.de\/fr\/triest\/","title":{"rendered":"Trieste"},"content":{"rendered":"<div id=\"pl-1142\"  class=\"panel-layout\" ><div id=\"pg-1142-0\"  class=\"panel-grid panel-no-style\" ><div id=\"pgc-1142-0-0\"  class=\"panel-grid-cell\" ><div id=\"panel-1142-0-0-0\" class=\"so-panel widget widget_metaslider_widget panel-first-child panel-last-child\" data-index=\"0\" ><div id=\"metaslider-id-1143\" style=\"max-width: 1500px;\" class=\"ml-slider-3-108-0 metaslider metaslider-flex metaslider-1143 ml-slider has-dots-nav ms-theme-simply-dark\" role=\"region\" aria-label=\"Trieste\" data-height=\"625\" data-width=\"1500\">\n    <div id=\"metaslider_container_1143\">\n        <div id=\"metaslider_1143\">\n            <ul class='slides'>\n                <li style=\"display: block; width: 100%;\" class=\"slide-1145 ms-image\" aria-roledescription=\"slide\" data-date=\"2018-12-07 16:48:12\" data-filename=\"Rundwanderung-Triest-ITA-SLO-Triest-Hafenstadt.jpg\" data-slide-type=\"image\"><img loading=\"lazy\" decoding=\"async\" src=\"https:\/\/www.rundwanderweg-triest.de\/wp-content\/uploads\/Rundwanderung-Triest-ITA-SLO-Triest-Hafenstadt.jpg\" height=\"625\" width=\"1500\" alt=\"\" class=\"slider-1143 slide-1145 msDefaultImage\" title=\"Circuit de randonn\u00e9e Trieste ITA-SLO - ville portuaire de Trieste\" \/><\/li>\n                <li style=\"display: none; width: 100%;\" class=\"slide-1146 ms-image\" aria-roledescription=\"slide\" data-date=\"2018-12-07 16:48:18\" data-filename=\"Rundwanderung-Triest-ITA-SLO-Triest-Hafenstadt-mit-eindrucksvoller-Promenade.jpg\" data-slide-type=\"image\"><img loading=\"lazy\" decoding=\"async\" src=\"https:\/\/www.rundwanderweg-triest.de\/wp-content\/uploads\/Rundwanderung-Triest-ITA-SLO-Triest-Hafenstadt-mit-eindrucksvoller-Promenade.jpg\" height=\"625\" width=\"1500\" alt=\"\" class=\"slider-1143 slide-1146 msDefaultImage\" title=\"Circuit Trieste ITA-SLO - Trieste - ville portuaire \u00e0 l&#039;impressionnante promenade\" \/><div class=\"caption-wrap\"><div class=\"caption\">lieu de promenade tr\u00e8s appr\u00e9ci\u00e9 : Le Molo Audace offre une vue magnifique sur Trieste.<\/div><\/div><\/li>\n                <li style=\"display: none; width: 100%;\" class=\"slide-1153 ms-image\" aria-roledescription=\"slide\" data-date=\"2018-12-07 17:01:11\" data-filename=\"Rundwanderweg-Triest-Canal-Grande-in-Triest-1500x625.jpg\" data-slide-type=\"image\"><img loading=\"lazy\" decoding=\"async\" src=\"https:\/\/www.rundwanderweg-triest.de\/wp-content\/uploads\/Rundwanderweg-Triest-Canal-Grande-in-Triest-1500x625.jpg\" height=\"625\" width=\"1500\" alt=\"\" class=\"slider-1143 slide-1153 msDefaultImage\" title=\"Circuit p\u00e9destre Trieste - Le Grand Canal \u00e0 Trieste 1500x625\" \/><div class=\"caption-wrap\"><div class=\"caption\">Le Grand Canal dans la \"ville nouvelle<\/div><\/div><\/li>\n                <li style=\"display: none; width: 100%;\" class=\"slide-1148 ms-image\" aria-roledescription=\"slide\" data-date=\"2018-12-07 16:52:13\" data-filename=\"Rundwanderweg-Triest-Piazza-dellUnita-d-Italia-Triest-1500x625.jpg\" data-slide-type=\"image\"><img loading=\"lazy\" decoding=\"async\" src=\"https:\/\/www.rundwanderweg-triest.de\/wp-content\/uploads\/Rundwanderweg-Triest-Piazza-dellUnita-d-Italia-Triest-1500x625.jpg\" height=\"625\" width=\"1500\" alt=\"\" class=\"slider-1143 slide-1148 msDefaultImage\" title=\"Circuit de randonn\u00e9e Trieste - Piazza dellUnita d-Italia Trieste 1500x625\" \/><div class=\"caption-wrap\"><div class=\"caption\">La Piazza dell'Unit\u00e0 d'Italia, au c\u0153ur de Trieste, donne directement sur la mer.<\/div><\/div><\/li>\n                <li style=\"display: none; width: 100%;\" class=\"slide-1160 ms-image\" aria-roledescription=\"slide\" data-date=\"2018-12-07 17:51:57\" data-filename=\"Rundwanderweg-Triest-Ausblickvom-Castello-di-San-Giusto-1500x625.jpg\" data-slide-type=\"image\"><img loading=\"lazy\" decoding=\"async\" src=\"https:\/\/www.rundwanderweg-triest.de\/wp-content\/uploads\/Rundwanderweg-Triest-Ausblickvom-Castello-di-San-Giusto-1500x625.jpg\" height=\"625\" width=\"1500\" alt=\"\" class=\"slider-1143 slide-1160 msDefaultImage\" title=\"Circuit de randonn\u00e9e Trieste - Vue du ch\u00e2teau de San Giusto 1500x625\" \/><div class=\"caption-wrap\"><div class=\"caption\">Vue depuis le ch\u00e2teau de San Giusto<\/div><\/div><\/li>\n            <\/ul>\n        <\/div>\n        \n    <\/div>\n<\/div><\/div><\/div><\/div><div id=\"pg-1142-1\"  class=\"panel-grid panel-no-style\" ><div id=\"pgc-1142-1-0\"  class=\"panel-grid-cell\" ><div id=\"panel-1142-1-0-0\" class=\"so-panel widget widget_sow-editor panel-first-child panel-last-child\" data-index=\"1\" ><div\n\t\t\t\n\t\t\tclass=\"so-widget-sow-editor so-widget-sow-editor-base\"\n\t\t\t\n\t\t>\n<div class=\"siteorigin-widget-tinymce textwidget\">\n\t<p>Trieste est encore un v\u00e9ritable secret d'initi\u00e9s ! Alors que d'autres villes de l'Italie du Nord sont envahies par la foule des touristes en haute saison, Trieste est rest\u00e9e, pour des raisons inexplicables, agr\u00e9ablement calme. Peut-\u00eatre est-ce d\u00fb \u00e0 sa situation p\u00e9riph\u00e9rique dans la pointe nord-est de l'Italie ? En tout cas, Trieste ne manque pas de belles places et de promenades, d'\u00e9glises et de palais, de culture et de choses \u00e0 voir !<\/p>\n<\/div>\n<\/div><\/div><\/div><div id=\"pgc-1142-1-1\"  class=\"panel-grid-cell\" ><div id=\"panel-1142-1-1-0\" class=\"so-panel widget widget_sow-image panel-first-child panel-last-child\" data-index=\"2\" ><div\n\t\t\t\n\t\t\tclass=\"so-widget-sow-image so-widget-sow-image-default-8b5b6f678277-1142\"\n\t\t\t\n\t\t>\n<div class=\"sow-image-container\">\n\t\t\t<a href=\"https:\/\/www.rundwanderweg-triest.de\/wp-content\/uploads\/Rundwanderweg-Triest-Aperitivo-in-der-Abendsonne-am-Canal-Grande-in-Triest.jpg\"\n\t\t\t\t\t>\n\t\t\t<img \n\tsrc=\"https:\/\/www.rundwanderweg-triest.de\/wp-content\/uploads\/Rundwanderweg-Triest-Aperitivo-in-der-Abendsonne-am-Canal-Grande-in-Triest.jpg\" width=\"800\" height=\"800\" srcset=\"https:\/\/www.rundwanderweg-triest.de\/wp-content\/uploads\/Rundwanderweg-Triest-Aperitivo-in-der-Abendsonne-am-Canal-Grande-in-Triest.jpg 800w, https:\/\/www.rundwanderweg-triest.de\/wp-content\/uploads\/Rundwanderweg-Triest-Aperitivo-in-der-Abendsonne-am-Canal-Grande-in-Triest-150x150.jpg 150w, https:\/\/www.rundwanderweg-triest.de\/wp-content\/uploads\/Rundwanderweg-Triest-Aperitivo-in-der-Abendsonne-am-Canal-Grande-in-Triest-300x300.jpg 300w, https:\/\/www.rundwanderweg-triest.de\/wp-content\/uploads\/Rundwanderweg-Triest-Aperitivo-in-der-Abendsonne-am-Canal-Grande-in-Triest-768x768.jpg 768w\" sizes=\"(max-width: 800px) 100vw, 800px\" title=\"Circuit p\u00e9destre de Trieste - Aperitivo au soleil couchant sur le Grand Canal de Trieste\" alt=\"\" \t\tclass=\"so-widget-image\"\/>\n\t\t\t<\/a><\/div>\n\n<\/div><\/div><\/div><\/div><\/div>","protected":false},"excerpt":{"rendered":"<p>Trieste est encore un v\u00e9ritable secret d'initi\u00e9s ! Alors que d'autres villes de l'Italie du Nord sont envahies par la foule des touristes en haute saison, Trieste est rest\u00e9e, pour des raisons inexplicables, agr\u00e9ablement calme. Peut-\u00eatre est-ce d\u00fb \u00e0 sa situation p\u00e9riph\u00e9rique dans la pointe nord-est de l'Italie ? En tout cas, Trieste ne manque pas de belles places et de promenades, d'\u00e9glises et de palais, de culture et de choses \u00e0 voir !<\/p>","protected":false},"author":1,"featured_media":0,"comment_status":"closed","ping_status":"closed","sticky":false,"template":"","format":"standard","meta":{"footnotes":""},"categories":[29],"tags":[],"class_list":["post-1142","post","type-post","status-publish","format-standard","hentry","category-triest"],"_links":{"self":[{"href":"https:\/\/www.rundwanderweg-triest.de\/fr\/wp-json\/wp\/v2\/posts\/1142","targetHints":{"allow":["GET"]}}],"collection":[{"href":"https:\/\/www.rundwanderweg-triest.de\/fr\/wp-json\/wp\/v2\/posts"}],"about":[{"href":"https:\/\/www.rundwanderweg-triest.de\/fr\/wp-json\/wp\/v2\/types\/post"}],"author":[{"embeddable":true,"href":"https:\/\/www.rundwanderweg-triest.de\/fr\/wp-json\/wp\/v2\/users\/1"}],"replies":[{"embeddable":true,"href":"https:\/\/www.rundwanderweg-triest.de\/fr\/wp-json\/wp\/v2\/comments?post=1142"}],"version-history":[{"count":0,"href":"https:\/\/www.rundwanderweg-triest.de\/fr\/wp-json\/wp\/v2\/posts\/1142\/revisions"}],"wp:attachment":[{"href":"https:\/\/www.rundwanderweg-triest.de\/fr\/wp-json\/wp\/v2\/media?parent=1142"}],"wp:term":[{"taxonomy":"category","embeddable":true,"href":"https:\/\/www.rundwanderweg-triest.de\/fr\/wp-json\/wp\/v2\/categories?post=1142"},{"taxonomy":"post_tag","embeddable":true,"href":"https:\/\/www.rundwanderweg-triest.de\/fr\/wp-json\/wp\/v2\/tags?post=1142"}],"curies":[{"name":"wp","href":"https:\/\/api.w.org\/{rel}","templated":true}]}}