{"id":300,"date":"2018-01-02T18:49:22","date_gmt":"2018-01-02T17:49:22","guid":{"rendered":"https:\/\/www.rundwanderweg-triest.de\/?p=300"},"modified":"2018-12-21T17:07:58","modified_gmt":"2018-12-21T16:07:58","slug":"etape-5-itineraire","status":"publish","type":"post","link":"https:\/\/www.rundwanderweg-triest.de\/fr\/etappe-5-wegbeschreibung\/","title":{"rendered":"Tron\u00e7on 5 : description de l'itin\u00e9raire"},"content":{"rendered":"<div id=\"pl-300\"  class=\"panel-layout\" ><div id=\"pg-300-0\"  class=\"panel-grid panel-no-style\" ><div id=\"pgc-300-0-0\"  class=\"panel-grid-cell\" ><div id=\"panel-300-0-0-0\" class=\"so-panel widget widget_metaslider_widget panel-first-child panel-last-child\" data-index=\"0\" ><div id=\"metaslider-id-180\" style=\"max-width: 1200px;\" class=\"ml-slider-3-108-0 metaslider metaslider-flex metaslider-180 ml-slider has-dots-nav ms-theme-simply-dark\" role=\"region\" aria-label=\"5e \u00e9tape\" data-height=\"500\" data-width=\"1200\">\n    <div id=\"metaslider_container_180\">\n        <div id=\"metaslider_180\">\n            <ul class='slides'>\n                <li style=\"display: block; width: 100%;\" class=\"slide-695 ms-image\" aria-roledescription=\"slide\" data-date=\"2018-07-29 18:48:07\" data-filename=\"Rundwanderung-Triest-ITA-SLO-Etappe-5-Blick-zur\u00fcck-auf-Lokev-unsere-\u00dcbernachtungsstation-in-Slovenien.jpg\" data-slide-type=\"image\"><img loading=\"lazy\" decoding=\"async\" src=\"https:\/\/www.rundwanderweg-triest.de\/wp-content\/uploads\/Rundwanderung-Triest-ITA-SLO-Etappe-5-Blick-zur\u00fcck-auf-Lokev-unsere-\u00dcbernachtungsstation-in-Slovenien.jpg\" height=\"500\" width=\"1200\" alt=\"\" class=\"slider-180 slide-695 msDefaultImage\" title=\"Circuit Trieste ITA-SLO - Etape 5 - Vue arri\u00e8re sur Lokev - notre \u00e9tape pour la nuit en Slov\u00e9nie\" \/><\/li>\n                <li style=\"display: none; width: 100%;\" class=\"slide-696 ms-image\" aria-roledescription=\"slide\" data-date=\"2018-07-29 18:48:07\" data-filename=\"Rundwanderung-Triest-ITA-SLO-Etappe-5-Der-Himmel-\u00fcber-Lokev.jpg\" data-slide-type=\"image\"><img loading=\"lazy\" decoding=\"async\" src=\"https:\/\/www.rundwanderweg-triest.de\/wp-content\/uploads\/Rundwanderung-Triest-ITA-SLO-Etappe-5-Der-Himmel-\u00fcber-Lokev.jpg\" height=\"500\" width=\"1200\" alt=\"\" class=\"slider-180 slide-696 msDefaultImage\" title=\"Circuit Trieste ITA-SLO - Etape 5 - Le ciel de Lokev\" \/><\/li>\n                <li style=\"display: none; width: 100%;\" class=\"slide-697 ms-image\" aria-roledescription=\"slide\" data-date=\"2018-07-29 18:48:07\" data-filename=\"Rundwanderung-Triest-ITA-SLO-Etappe-5-Laubwald-irgendwo-zwischen-Slovenien-und-Italien.jpg\" data-slide-type=\"image\"><img loading=\"lazy\" decoding=\"async\" src=\"https:\/\/www.rundwanderweg-triest.de\/wp-content\/uploads\/Rundwanderung-Triest-ITA-SLO-Etappe-5-Laubwald-irgendwo-zwischen-Slovenien-und-Italien.jpg\" height=\"500\" width=\"1200\" alt=\"\" class=\"slider-180 slide-697 msDefaultImage\" title=\"Circuit Trieste ITA-SLO - Tron\u00e7on 5 - For\u00eat de feuillus quelque part entre la Slov\u00e9nie et l&#039;Italie\" \/><\/li>\n                <li style=\"display: none; width: 100%;\" class=\"slide-698 ms-image\" aria-roledescription=\"slide\" data-date=\"2018-07-29 18:48:07\" data-filename=\"Rundwanderung-Triest-ITA-SLO-Etappe-5-Das-Naturreservat-Val-Rosandra-im-westlichen-Teil-der-Triestiner-Karst.jpg\" data-slide-type=\"image\"><img loading=\"lazy\" decoding=\"async\" src=\"https:\/\/www.rundwanderweg-triest.de\/wp-content\/uploads\/Rundwanderung-Triest-ITA-SLO-Etappe-5-Das-Naturreservat-Val-Rosandra-im-westlichen-Teil-der-Triestiner-Karst.jpg\" height=\"500\" width=\"1200\" alt=\"\" class=\"slider-180 slide-698 msDefaultImage\" title=\"Circuit Trieste ITA-SLO - Etape 5 - La r\u00e9serve naturelle du Val Rosandra dans la partie occidentale du Karst de Trieste\" \/><\/li>\n                <li style=\"display: none; width: 100%;\" class=\"slide-699 ms-image\" aria-roledescription=\"slide\" data-date=\"2018-07-29 18:48:07\" data-filename=\"Rundwanderung-Triest-ITA-SLO-Etappe-5-\u00dcber-dem-Val-Rosandra-mit-Blick-auf-Triest.jpg\" data-slide-type=\"image\"><img loading=\"lazy\" decoding=\"async\" src=\"https:\/\/www.rundwanderweg-triest.de\/wp-content\/uploads\/Rundwanderung-Triest-ITA-SLO-Etappe-5-\u00dcber-dem-Val-Rosandra-mit-Blick-auf-Triest.jpg\" height=\"500\" width=\"1200\" alt=\"\" class=\"slider-180 slide-699 msDefaultImage\" title=\"Circuit Trieste ITA-SLO - Etape 5 - Au-dessus du Val Rosandra avec vue sur Trieste\" \/><\/li>\n            <\/ul>\n        <\/div>\n        \n    <\/div>\n<\/div><\/div><\/div><\/div><div id=\"pg-300-1\"  class=\"panel-grid panel-no-style\" ><div id=\"pgc-300-1-0\"  class=\"panel-grid-cell\" ><div id=\"panel-300-1-0-0\" class=\"so-panel widget widget_siteorigin-panels-builder panel-first-child panel-last-child\" data-index=\"1\" ><div id=\"pl-w5c1d0f500f6e2\"  class=\"panel-layout\" ><div id=\"pg-w5c1d0f500f6e2-0\"  class=\"panel-grid panel-no-style\" ><div id=\"pgc-w5c1d0f500f6e2-0-0\"  class=\"panel-grid-cell\" ><div id=\"panel-w5c1d0f500f6e2-0-0-0\" class=\"so-panel widget widget_sow-editor panel-first-child panel-last-child\" data-index=\"0\" ><div\n\t\t\t\n\t\t\tclass=\"so-widget-sow-editor so-widget-sow-editor-base\"\n\t\t\t\n\t\t><h3 class=\"widget-title\">De Lokev au Veliko Gradi\u0161\u010de<\/h3>\n<div class=\"siteorigin-widget-tinymce textwidget\">\n\t<p>Aujourd'hui, c'est la derni\u00e8re \u00e9tape de notre randonn\u00e9e en boucle et aussi l'un des points forts du paysage : Les gorges du <em>Val Rosandra.<\/em> Mais pour cela, nous devons d'abord retourner en Italie et quitter Lokev par le chemin en face du restaurant\u00a0<em>Gostilna Muha<\/em>\u00a0en direction du sud (point de rep\u00e8re 1).<\/p>\n<p>Nous montons un peu \u00e0 travers champs, traversons un petit village appartenant \u00e0 Lokev, puis marchons dans la for\u00eat jusqu'au sommet de la colline. <em>Veliko Gradi\u0161\u010de<\/em>. C'est plus une colline qu'une montagne, mais avec 742 m\u00e8tres, c'est le point le plus \u00e9lev\u00e9 de nos cinq \u00e9tapes. Ne vous inqui\u00e9tez pas : ce sera encore plus spectaculaire aujourd'hui, mais seulement 300 m\u00e8tres plus bas !<\/p>\n<\/div>\n<\/div><\/div><\/div><div id=\"pgc-w5c1d0f500f6e2-0-1\"  class=\"panel-grid-cell\" ><div id=\"panel-w5c1d0f500f6e2-0-1-0\" class=\"so-panel widget widget_sow-image panel-first-child panel-last-child\" data-index=\"1\" ><div\n\t\t\t\n\t\t\tclass=\"so-widget-sow-image so-widget-sow-image-default-8b5b6f678277\"\n\t\t\t\n\t\t>\n<div class=\"sow-image-container\">\n\t\t\t<a href=\"https:\/\/www.rundwanderweg-triest.de\/wp-content\/uploads\/Rundwanderung-Triest-ITA-SLO-Etappe-5-Veliko-Gradi\u0161ce-Mit-740m-der-h\u00f6chste-Punkt-des-gesamten-Tour.jpg\"\n\t\t\t\t\t>\n\t\t\t<img \n\tsrc=\"https:\/\/www.rundwanderweg-triest.de\/wp-content\/uploads\/Rundwanderung-Triest-ITA-SLO-Etappe-5-Veliko-Gradi\u0161ce-Mit-740m-der-h\u00f6chste-Punkt-des-gesamten-Tour.jpg\" width=\"800\" height=\"600\" srcset=\"https:\/\/www.rundwanderweg-triest.de\/wp-content\/uploads\/Rundwanderung-Triest-ITA-SLO-Etappe-5-Veliko-Gradi\u0161ce-Mit-740m-der-h\u00f6chste-Punkt-des-gesamten-Tour.jpg 800w, https:\/\/www.rundwanderweg-triest.de\/wp-content\/uploads\/Rundwanderung-Triest-ITA-SLO-Etappe-5-Veliko-Gradi\u0161ce-Mit-740m-der-h\u00f6chste-Punkt-des-gesamten-Tour-300x225.jpg 300w, https:\/\/www.rundwanderweg-triest.de\/wp-content\/uploads\/Rundwanderung-Triest-ITA-SLO-Etappe-5-Veliko-Gradi\u0161ce-Mit-740m-der-h\u00f6chste-Punkt-des-gesamten-Tour-768x576.jpg 768w\" sizes=\"(max-width: 800px) 100vw, 800px\" title=\"Veliko Gradi\u0161ce : Avec environ 740m, c&#039;est le point le plus \u00e9lev\u00e9 de tout le circuit.\" alt=\"\" \t\tclass=\"so-widget-image\"\/>\n\t\t\t<\/a><\/div>\n\n<h3 class=\"widget-title\">Veliko Gradi\u0161ce : Avec environ 740m, c'est le point le plus \u00e9lev\u00e9 de tout le circuit.<\/h3><\/div><\/div><\/div><\/div><\/div><\/div><\/div><div id=\"pgc-300-1-1\"  class=\"panel-grid-cell\" ><div id=\"panel-300-1-1-0\" class=\"so-panel widget widget_sow-editor panel-first-child\" data-index=\"2\" ><div\n\t\t\t\n\t\t\tclass=\"so-widget-sow-editor so-widget-sow-editor-base\"\n\t\t\t\n\t\t><h3 class=\"widget-title\">Faits concernant la 5e \u00e9tape<\/h3>\n<div class=\"siteorigin-widget-tinymce textwidget\">\n\t<p><b>Parcours : <\/b> 14,5 km<br \/>\n<b>D\u00e9nivel\u00e9 : <\/b> 425 m de mont\u00e9e \/ 800 m de descente<br \/>\n<b>Dur\u00e9e :<\/b> 6:00h (sans pauses)<br \/>\nVoir aussi <a href=\"https:\/\/www.rundwanderweg-triest.de\/fr\/profil-des-altitudes-de-la-randonnee-de-5-jours-autour-de-triest\/\">Profil d'altitude<\/a><\/p>\n<\/div>\n<\/div><\/div><div id=\"panel-300-1-1-1\" class=\"so-panel widget widget_edd_product_details\" data-index=\"3\" ><h3 class=\"widget-title\">T\u00e9l\u00e9chargement de l'itin\u00e9raire GPS de la 5e \u00e9tape (format GPX)<\/h3>\t<form id=\"edd_purchase_286\" class=\"edd_download_purchase_form edd_purchase_286\" method=\"post\" action=\"\">\n\n\t\t\n\t\t<div class=\"edd_purchase_submit_wrapper\">\n\t\t\t<button class=\"edd-add-to-cart button green edd-submit\" data-nonce=\"b7ad460e8a\" data-timestamp=\"1777520518\" data-token=\"0b3405ad2734cc23a0b7327c2d1b12a707e127caa1a82706e9d3ba09b55a1a41\" data-action=\"edd_add_to_cart\" data-download-id=\"286\" data-variable-price=\"no\" data-price-mode=\"single\" data-price=\"0.00\" ><span class=\"edd-add-to-cart-label\">Gratuit - Ajouter au panier<\/span> <span class=\"edd-loading\" aria-label=\"Chargement en cours\"><\/span><\/button><input type=\"submit\" class=\"edd-add-to-cart edd-no-js button green edd-submit\" name=\"edd_purchase_download\" value=\"Gratuit - Ajouter au panier\" data-action=\"edd_add_to_cart\" data-download-id=\"286\" data-variable-price=\"no\" data-price-mode=\"single\" \/><a href=\"https:\/\/www.rundwanderweg-triest.de\/fr\/kasse\/\" class=\"edd_go_to_checkout button green edd-submit\" style=\"display:none;\">Voir le panier<\/a>\n\t\t\t\t\t\t\t<span class=\"edd-cart-ajax-alert\" aria-live=\"assertive\">\n\t\t\t\t\t<span class=\"edd-cart-added-alert\" style=\"display: none;\">\n\t\t\t\t\t\t<svg class=\"edd-icon edd-icon-check\" xmlns=\"http:\/\/www.w3.org\/2000\/svg\" width=\"28\" height=\"28\" viewbox=\"0 0 28 28\" aria-hidden=\"true\">\n\t\t\t\t\t\t\t<path d=\"M26.11 8.844c0 .39-.157.78-.44 1.062L12.234 23.344c-.28.28-.672.438-1.062.438s-.78-.156-1.06-.438l-7.782-7.78c-.28-.282-.438-.673-.438-1.063s.156-.78.438-1.06l2.125-2.126c.28-.28.672-.438 1.062-.438s.78.156 1.062.438l4.594 4.61L21.42 5.656c.282-.28.673-.438 1.063-.438s.78.155 1.062.437l2.125 2.125c.28.28.438.672.438 1.062z\"\/>\n\t\t\t\t\t\t<\/svg>\n\t\t\t\t\t\tAjout\u00e9 au panier\t\t\t\t\t<\/span>\n\t\t\t\t<\/span>\n\t\t\t\t\t\t\t\t<\/div><!--end .edd_purchase_submit_wrapper-->\n\n\t\t<input type=\"hidden\" name=\"download_id\" value=\"286\">\n\t\t\t\t\t\t\t<input type=\"hidden\" name=\"edd_action\" class=\"edd_action_input\" value=\"add_to_cart\">\n\t\t\n\t\t\n\t\t\n\t\t\n\t<input type=\"hidden\" name=\"trp-form-language\" value=\"fr\"\/><\/form><!--end #edd_purchase_286-->\n\t<\/div><div id=\"panel-300-1-1-2\" class=\"so-panel widget widget_sow-editor panel-last-child\" data-index=\"4\" ><div\n\t\t\t\n\t\t\tclass=\"so-widget-sow-editor so-widget-sow-editor-base\"\n\t\t\t\n\t\t><h3 class=\"widget-title\">Possibilit\u00e9s de se restaurer en cours de route<\/h3>\n<div class=\"siteorigin-widget-tinymce textwidget\">\n\t<p>H\u00f4tel-restaurant situ\u00e9 sur la route de passage \u00e0\u00a0<em>Pesek<\/em>La ville de Bucarest est plus confortable\u00a0<a href=\"https:\/\/goo.gl\/maps\/zqoxcfJcp3N2\" target=\"_blank\" rel=\"noopener\">Locanda Mario<\/a>\u00a0dans <em>Draga<\/em><\/p>\n<\/div>\n<\/div><\/div><\/div><\/div><div id=\"pg-300-2\"  class=\"panel-grid panel-no-style\" ><div id=\"pgc-300-2-0\"  class=\"panel-grid-cell\" ><div id=\"panel-300-2-0-0\" class=\"so-panel widget widget_sow-image panel-first-child panel-last-child\" data-index=\"5\" ><div\n\t\t\t\n\t\t\tclass=\"so-widget-sow-image so-widget-sow-image-default-8b5b6f678277-300\"\n\t\t\t\n\t\t>\n<div class=\"sow-image-container\">\n\t\t\t<a href=\"https:\/\/www.rundwanderweg-triest.de\/wp-content\/uploads\/Rundwanderung-Triest-ITA-SLO-Etappe-5-Kleiner-Friedhof-mit-verlassener-Kapelle.jpg\">\n\t\t\t<img \n\tsrc=\"https:\/\/www.rundwanderweg-triest.de\/wp-content\/uploads\/Rundwanderung-Triest-ITA-SLO-Etappe-5-Kleiner-Friedhof-mit-verlassener-Kapelle.jpg\" width=\"944\" height=\"600\" srcset=\"https:\/\/www.rundwanderweg-triest.de\/wp-content\/uploads\/Rundwanderung-Triest-ITA-SLO-Etappe-5-Kleiner-Friedhof-mit-verlassener-Kapelle.jpg 944w, https:\/\/www.rundwanderweg-triest.de\/wp-content\/uploads\/Rundwanderung-Triest-ITA-SLO-Etappe-5-Kleiner-Friedhof-mit-verlassener-Kapelle-300x191.jpg 300w, https:\/\/www.rundwanderweg-triest.de\/wp-content\/uploads\/Rundwanderung-Triest-ITA-SLO-Etappe-5-Kleiner-Friedhof-mit-verlassener-Kapelle-768x488.jpg 768w\" sizes=\"(max-width: 944px) 100vw, 944px\" title=\"Petit cimeti\u00e8re avec chapelle abandonn\u00e9e dans la r\u00e9gion frontali\u00e8re entre la Slov\u00e9nie et l&#039;Italie\" alt=\"\" \t\tclass=\"so-widget-image\"\/>\n\t\t\t<\/a><\/div>\n\n<h3 class=\"widget-title\">Petit cimeti\u00e8re avec chapelle abandonn\u00e9e dans la r\u00e9gion frontali\u00e8re entre la Slov\u00e9nie et l'Italie<\/h3><\/div><\/div><\/div><div id=\"pgc-300-2-1\"  class=\"panel-grid-cell\" ><div id=\"panel-300-2-1-0\" class=\"so-panel widget widget_sow-editor panel-first-child panel-last-child\" data-index=\"6\" ><div\n\t\t\t\n\t\t\tclass=\"so-widget-sow-editor so-widget-sow-editor-base\"\n\t\t\t\n\t\t><h3 class=\"widget-title\">Retour en Italie<\/h3>\n<div class=\"siteorigin-widget-tinymce textwidget\">\n\t<p>La descente du\u00a0<em>Veliko Gradi\u0161\u010de\u00a0<\/em>se d\u00e9roule d'abord dans une magnifique for\u00eat de feuillus. Nous arrivons ensuite sur un chemin forestier qui nous fait passer devant un petit cimeti\u00e8re avec une chapelle abandonn\u00e9e. \u00c0 partir d'ici, nous sommes de nouveau sur la Via-Alpina (qui passe ici en m\u00eame temps que l'Alpe-Adria-Trail). Apr\u00e8s quelques lacets, rester \u00e0 droite sur la Via-Alpina (l'Alpe-Adria-Trail pourrait \u00eatre \u00e0 gauche, mais nous pensons qu'il est moins beau par la suite) et revenir sur le sol italien (point de rep\u00e8re 3). Nous traversons <em>Pesek<\/em>Nous arrivons \u00e0 l'h\u00f4tel du m\u00eame nom, qui n'est pour ainsi dire qu'une grande rue de passage. Juste apr\u00e8s l'h\u00f4tel, nous tournons \u00e0 gauche (point de rep\u00e8re 4). Nous descendons jusqu'\u00e0 ce que nous traversions deux fois de suite une ancienne voie ferr\u00e9e, d\u00e9sormais am\u00e9nag\u00e9e en piste cyclable, qui s'\u00e9tend dans une large courbe \u00e0 travers la vall\u00e9e.<\/p>\n<p>Dans le petit village <em>Draga<\/em>\u00a0donne avec la\u00a0<a href=\"https:\/\/goo.gl\/maps\/zqoxcfJcp3N2\" target=\"_blank\" rel=\"noopener\">Locanda Mario<\/a>\u00a0une occasion de faire une pause et de d\u00e9jeuner (point de rep\u00e8re 5).<\/p>\n<\/div>\n<\/div><\/div><\/div><\/div><div id=\"pg-300-3\"  class=\"panel-grid panel-no-style\" ><div id=\"pgc-300-3-0\"  class=\"panel-grid-cell\" ><div id=\"panel-300-3-0-0\" class=\"so-panel widget widget_sow-editor panel-first-child\" data-index=\"7\" ><div\n\t\t\t\n\t\t\tclass=\"so-widget-sow-editor so-widget-sow-editor-base\"\n\t\t\t\n\t\t><h3 class=\"widget-title\">Au-dessus du Val Rosandra<\/h3>\n<div class=\"siteorigin-widget-tinymce textwidget\">\n\t<p>\u00c0 Draga, nous passons \u00e0 droite de la Locanda Mario et arrivons sur un \u00e9troit sentier de randonn\u00e9e. \u00c0 partir du point de rep\u00e8re 6, la randonn\u00e9e devient soudainement alpine : nous montons sur la Via-Alpina le long de l'ar\u00eate rocheuse droite du Val Rosandra. \u00c0 chaque pas et \u00e0 chaque bloc de roche escalad\u00e9, la vue devient plus spectaculaire. Arriv\u00e9s en haut, nous avons droit \u00e0 tout un programme de contrastes : en dessous de nous, les gorges rocheuses et karstiques du Val Rosandra, devant nous, les grues et les installations portuaires et, en plus, le panorama du golfe de Trieste ! Au cas o\u00f9 tout le monde ne succomberait pas autant que moi au charme industriel et romantique de cette vue : J'admets volontiers qu'en tant que Hambourgeois d'adoption, j'ai peut-\u00eatre un penchant moins rationnel pour le th\u00e8me du port...<\/p>\n<\/div>\n<\/div><\/div><div id=\"panel-300-3-0-1\" class=\"so-panel widget widget_sow-image panel-last-child\" data-index=\"8\" ><div\n\t\t\t\n\t\t\tclass=\"so-widget-sow-image so-widget-sow-image-default-8b5b6f678277-300\"\n\t\t\t\n\t\t>\n<div class=\"sow-image-container\">\n\t\t\t<a href=\"https:\/\/www.rundwanderweg-triest.de\/wp-content\/uploads\/Rundwanderung-Triest-ITA-SLO-Etappe-5-Das-Naturreservat-Val-Rosandra-mit-Blick-auf-Triest-beim-Aufstieg.jpg\">\n\t\t\t<img \n\tsrc=\"https:\/\/www.rundwanderweg-triest.de\/wp-content\/uploads\/Rundwanderung-Triest-ITA-SLO-Etappe-5-Das-Naturreservat-Val-Rosandra-mit-Blick-auf-Triest-beim-Aufstieg.jpg\" width=\"1400\" height=\"641\" srcset=\"https:\/\/www.rundwanderweg-triest.de\/wp-content\/uploads\/Rundwanderung-Triest-ITA-SLO-Etappe-5-Das-Naturreservat-Val-Rosandra-mit-Blick-auf-Triest-beim-Aufstieg.jpg 1400w, https:\/\/www.rundwanderweg-triest.de\/wp-content\/uploads\/Rundwanderung-Triest-ITA-SLO-Etappe-5-Das-Naturreservat-Val-Rosandra-mit-Blick-auf-Triest-beim-Aufstieg-300x137.jpg 300w, https:\/\/www.rundwanderweg-triest.de\/wp-content\/uploads\/Rundwanderung-Triest-ITA-SLO-Etappe-5-Das-Naturreservat-Val-Rosandra-mit-Blick-auf-Triest-beim-Aufstieg-768x352.jpg 768w, https:\/\/www.rundwanderweg-triest.de\/wp-content\/uploads\/Rundwanderung-Triest-ITA-SLO-Etappe-5-Das-Naturreservat-Val-Rosandra-mit-Blick-auf-Triest-beim-Aufstieg-1024x469.jpg 1024w\" sizes=\"(max-width: 1400px) 100vw, 1400px\" title=\"La r\u00e9serve naturelle du Val Rosandra : lors de la mont\u00e9e sur la Via Alpina\" alt=\"\" \t\tclass=\"so-widget-image\"\/>\n\t\t\t<\/a><\/div>\n\n<h3 class=\"widget-title\">La r\u00e9serve naturelle du Val Rosandra : lors de la mont\u00e9e sur la Via Alpina<\/h3><\/div><\/div><\/div><div id=\"pgc-300-3-1\"  class=\"panel-grid-cell\" ><div id=\"panel-300-3-1-0\" class=\"so-panel widget widget_sow-image panel-first-child panel-last-child\" data-index=\"9\" ><div\n\t\t\t\n\t\t\tclass=\"so-widget-sow-image so-widget-sow-image-default-8b5b6f678277-300\"\n\t\t\t\n\t\t>\n<div class=\"sow-image-container\">\n\t\t\t<a href=\"https:\/\/www.rundwanderweg-triest.de\/wp-content\/uploads\/Rundwanderung-Triest-ITA-SLO-Etappe-5-Das-Naturreservat-Val-Rosandra-mit-Blick-auf-Triest-Hochformat-2.jpg\">\n\t\t\t<img \n\tsrc=\"https:\/\/www.rundwanderweg-triest.de\/wp-content\/uploads\/Rundwanderung-Triest-ITA-SLO-Etappe-5-Das-Naturreservat-Val-Rosandra-mit-Blick-auf-Triest-Hochformat-2.jpg\" width=\"900\" height=\"1200\" srcset=\"https:\/\/www.rundwanderweg-triest.de\/wp-content\/uploads\/Rundwanderung-Triest-ITA-SLO-Etappe-5-Das-Naturreservat-Val-Rosandra-mit-Blick-auf-Triest-Hochformat-2.jpg 900w, https:\/\/www.rundwanderweg-triest.de\/wp-content\/uploads\/Rundwanderung-Triest-ITA-SLO-Etappe-5-Das-Naturreservat-Val-Rosandra-mit-Blick-auf-Triest-Hochformat-2-225x300.jpg 225w, https:\/\/www.rundwanderweg-triest.de\/wp-content\/uploads\/Rundwanderung-Triest-ITA-SLO-Etappe-5-Das-Naturreservat-Val-Rosandra-mit-Blick-auf-Triest-Hochformat-2-768x1024.jpg 768w\" sizes=\"(max-width: 900px) 100vw, 900px\" title=\"Val Rosandra : r\u00e9serve naturelle avec vue sur les installations portuaires de Trieste\" alt=\"\" \t\tclass=\"so-widget-image\"\/>\n\t\t\t<\/a><\/div>\n\n<\/div><\/div><\/div><\/div><div id=\"pg-300-4\"  class=\"panel-grid panel-no-style\" ><div id=\"pgc-300-4-0\"  class=\"panel-grid-cell\" ><div id=\"panel-300-4-0-0\" class=\"so-panel widget widget_sow-editor panel-first-child\" data-index=\"10\" ><div\n\t\t\t\n\t\t\tclass=\"so-widget-sow-editor so-widget-sow-editor-base\"\n\t\t\t\n\t\t><h3 class=\"widget-title\">Descendre du plateau dans les gorges<\/h3>\n<div class=\"siteorigin-widget-tinymce textwidget\">\n\t<p>Apr\u00e8s avoir profit\u00e9 un bon moment de la vue spectaculaire, nous marchons sur le plateau en suivant toujours la pente jusqu'\u00e0 <em>San Lorenzo<\/em>. \u00c0 la petite \u00e9glise (point de rep\u00e8re 7), nous tournons \u00e0 gauche, traversons le village et le quittons par la petite route de passage. Peu apr\u00e8s le panneau de sortie du village se trouve un petit parking (point de rep\u00e8re 8), o\u00f9 nous tournons \u00e0 gauche. Le parking est principalement destin\u00e9 \u00e0 permettre aux visiteurs d'acc\u00e9der facilement \u00e0 la plateforme d'observation toute proche. Notre chemin bifurque cependant d\u00e9j\u00e0 \u00e0 droite avant la plateforme panoramique (point de rep\u00e8re 9). Il est facile de ne pas voir la bifurcation vers la descente abrupte. Ceux qui arrivent \u00e0 la petite plateforme panoramique ont trop march\u00e9.<\/p>\n<p>\u00c0 partir de l\u00e0, la descente est raide, voire tr\u00e8s raide, jusqu'\u00e0 ce que nous traversions le petit ruisseau \u00e0 l'origine des profondes gorges du Val Rosandra et que nous arrivions au point de rep\u00e8re 10, devant le <em>Rifugio Mario Premuda<\/em>\u00a0de la montagne. Le refuge g\u00e9r\u00e9 par le Club alpin italien est le point de d\u00e9part de nombreux grimpeurs et pr\u00e9sente un record tout particulier : avec seulement 82 m\u00e8tres au-dessus de la mer, il s'agit du refuge du Club alpin le plus bas d'Italie continentale.<\/p>\n<p>Depuis le refuge, nous atteignons en quelques minutes le village de <em>Bagnoli della Rosandra.\u00a0<\/em>De l\u00e0, il est possible\u00a0<a href=\"https:\/\/moovitapp.com\/?from=Bagnoli&amp;to=Trieste%20Centrale&amp;fll=45.614095_13.858424&amp;tll=45.658288_13.771569&amp;metroId=2182&amp;lang=de&amp;t=1\" target=\"_blank\" rel=\"noopener\">retour en bus \u00e0 Trieste<\/a>\u00a0de se d\u00e9placer. Ce serait \u00e9galement notre recommandation.<\/p>\n<p><strong>Alternative :<\/strong> Au cours de notre randonn\u00e9e, nous avons plut\u00f4t visit\u00e9 <em>Bagnoli della Rosandra<\/em> (h\u00e9bergement : <a class=\"booking-link\" href=\"https:\/\/www.booking.com\/hotel\/it\/residence-bleu.en.html?aid=1497352&amp;no_rooms=1&amp;group_adults=1\" target=\"_blank\" rel=\"noopener\">R\u00e9sidence Bleu<\/a>) et nous avons entrepris le lendemain l'\u00e9tape finale officielle de l'Alpe-Adria-Trail. Celle-ci se termine \u00e0 Muggia, d'o\u00f9 l'on peut prendre le ferry pour Trieste. En fait, c'est une belle id\u00e9e, sauf que : le chemin de randonn\u00e9e passe en grande partie \u00e0 c\u00f4t\u00e9 de zones industrielles et les traverse parfois. C'est peu attractif et ce n'est pas une belle conclusion. C'est pourquoi nous avons d\u00e9cid\u00e9 de ne pas recommander explicitement cette \"sixi\u00e8me \u00e9tape\" sur notre site Internet. Nous vous conseillons plut\u00f4t de consid\u00e9rer l'\u00e9tape 5 comme le couronnement de cette petite randonn\u00e9e au long cours.<\/p>\n<\/div>\n<\/div><\/div><div id=\"panel-300-4-0-1\" class=\"so-panel widget widget_sow-image\" data-index=\"11\" ><div\n\t\t\t\n\t\t\tclass=\"so-widget-sow-image so-widget-sow-image-default-8b5b6f678277-300\"\n\t\t\t\n\t\t>\n<div class=\"sow-image-container\">\n\t\t\t<a href=\"https:\/\/www.rundwanderweg-triest.de\/wp-content\/uploads\/Rundwanderung-Triest-ITA-SLO-Etappe-5-Das-Naturreservat-Val-Rosandra-mit-Blick-auf-Triest-fast-ganz-oben.jpg\">\n\t\t\t<img \n\tsrc=\"https:\/\/www.rundwanderweg-triest.de\/wp-content\/uploads\/Rundwanderung-Triest-ITA-SLO-Etappe-5-Das-Naturreservat-Val-Rosandra-mit-Blick-auf-Triest-fast-ganz-oben.jpg\" width=\"1400\" height=\"640\" srcset=\"https:\/\/www.rundwanderweg-triest.de\/wp-content\/uploads\/Rundwanderung-Triest-ITA-SLO-Etappe-5-Das-Naturreservat-Val-Rosandra-mit-Blick-auf-Triest-fast-ganz-oben.jpg 1400w, https:\/\/www.rundwanderweg-triest.de\/wp-content\/uploads\/Rundwanderung-Triest-ITA-SLO-Etappe-5-Das-Naturreservat-Val-Rosandra-mit-Blick-auf-Triest-fast-ganz-oben-300x137.jpg 300w, https:\/\/www.rundwanderweg-triest.de\/wp-content\/uploads\/Rundwanderung-Triest-ITA-SLO-Etappe-5-Das-Naturreservat-Val-Rosandra-mit-Blick-auf-Triest-fast-ganz-oben-768x351.jpg 768w, https:\/\/www.rundwanderweg-triest.de\/wp-content\/uploads\/Rundwanderung-Triest-ITA-SLO-Etappe-5-Das-Naturreservat-Val-Rosandra-mit-Blick-auf-Triest-fast-ganz-oben-1024x468.jpg 1024w\" sizes=\"(max-width: 1400px) 100vw, 1400px\" title=\"Vue depuis le haut plateau au-dessus du Val Rosandra\" alt=\"\" \t\tclass=\"so-widget-image\"\/>\n\t\t\t<\/a><\/div>\n\n<h3 class=\"widget-title\">Vue depuis le haut plateau au-dessus du Val Rosandra<\/h3><\/div><\/div><div id=\"panel-300-4-0-2\" class=\"so-panel widget widget_siteorigin-panels-builder panel-last-child\" data-index=\"12\" ><div id=\"pl-w5c0a782cd6f78\"  class=\"panel-layout\" ><div id=\"pg-w5c0a782cd6f78-0\"  class=\"panel-grid panel-no-style\" ><div id=\"pgc-w5c0a782cd6f78-0-0\"  class=\"panel-grid-cell\" ><div id=\"panel-w5c0a782cd6f78-0-0-0\" class=\"so-panel widget widget_sow-image panel-first-child panel-last-child\" data-index=\"0\" ><div\n\t\t\t\n\t\t\tclass=\"so-widget-sow-image so-widget-sow-image-default-8b5b6f678277\"\n\t\t\t\n\t\t><\/div><\/div><\/div><div id=\"pgc-w5c0a782cd6f78-0-1\"  class=\"panel-grid-cell\" ><div id=\"panel-w5c0a782cd6f78-0-1-0\" class=\"so-panel widget widget_sow-image panel-first-child panel-last-child\" data-index=\"1\" ><div\n\t\t\t\n\t\t\tclass=\"so-widget-sow-image so-widget-sow-image-default-8b5b6f678277\"\n\t\t\t\n\t\t><\/div><\/div><\/div><\/div><\/div><\/div><\/div><\/div><\/div>","protected":false},"excerpt":{"rendered":"<p>Parcours : 14,5 km D\u00e9nivel\u00e9 : 425 m de mont\u00e9e \/ 800 m de descente Dur\u00e9e : 6:00h (sans les pauses) Voir aussi le profil d'altitude H\u00f4tel-restaurant sur la route de passage \u00e0 Pesek, mais la Locanda Mario \u00e0 Draga est nettement plus confortable.<\/p>","protected":false},"author":1,"featured_media":0,"comment_status":"closed","ping_status":"closed","sticky":false,"template":"","format":"standard","meta":{"footnotes":""},"categories":[9],"tags":[],"class_list":["post-300","post","type-post","status-publish","format-standard","hentry","category-etappe-5"],"_links":{"self":[{"href":"https:\/\/www.rundwanderweg-triest.de\/fr\/wp-json\/wp\/v2\/posts\/300","targetHints":{"allow":["GET"]}}],"collection":[{"href":"https:\/\/www.rundwanderweg-triest.de\/fr\/wp-json\/wp\/v2\/posts"}],"about":[{"href":"https:\/\/www.rundwanderweg-triest.de\/fr\/wp-json\/wp\/v2\/types\/post"}],"author":[{"embeddable":true,"href":"https:\/\/www.rundwanderweg-triest.de\/fr\/wp-json\/wp\/v2\/users\/1"}],"replies":[{"embeddable":true,"href":"https:\/\/www.rundwanderweg-triest.de\/fr\/wp-json\/wp\/v2\/comments?post=300"}],"version-history":[{"count":0,"href":"https:\/\/www.rundwanderweg-triest.de\/fr\/wp-json\/wp\/v2\/posts\/300\/revisions"}],"wp:attachment":[{"href":"https:\/\/www.rundwanderweg-triest.de\/fr\/wp-json\/wp\/v2\/media?parent=300"}],"wp:term":[{"taxonomy":"category","embeddable":true,"href":"https:\/\/www.rundwanderweg-triest.de\/fr\/wp-json\/wp\/v2\/categories?post=300"},{"taxonomy":"post_tag","embeddable":true,"href":"https:\/\/www.rundwanderweg-triest.de\/fr\/wp-json\/wp\/v2\/tags?post=300"}],"curies":[{"name":"wp","href":"https:\/\/api.w.org\/{rel}","templated":true}]}}