{"id":348,"date":"2018-04-09T08:31:01","date_gmt":"2018-04-09T06:31:01","guid":{"rendered":"https:\/\/www.rundwanderweg-triest.de\/?p=348"},"modified":"2018-12-21T17:15:20","modified_gmt":"2018-12-21T16:15:20","slug":"arrivee-et-depart-trieste","status":"publish","type":"post","link":"https:\/\/www.rundwanderweg-triest.de\/fr\/an-und-abreise-triest\/","title":{"rendered":"Arriv\u00e9e et d\u00e9part Trieste"},"content":{"rendered":"<div id=\"pl-348\"  class=\"panel-layout\" ><div id=\"pg-348-0\"  class=\"panel-grid panel-no-style\" ><div id=\"pgc-348-0-0\"  class=\"panel-grid-cell\" ><div id=\"panel-348-0-0-0\" class=\"so-panel widget widget_metaslider_widget panel-first-child panel-last-child\" data-index=\"0\" ><div id=\"metaslider-id-370\" style=\"max-width: 1200px;\" class=\"ml-slider-3-108-0 metaslider metaslider-flex metaslider-370 ml-slider has-dots-nav ms-theme-simply-dark\" role=\"region\" aria-label=\"Arriv\u00e9e\" data-height=\"413\" data-width=\"1200\">\n    <div id=\"metaslider_container_370\">\n        <div id=\"metaslider_370\">\n            <ul class='slides'>\n                <li style=\"display: block; width: 100%;\" class=\"slide-372 ms-image\" aria-roledescription=\"slide\" data-date=\"2018-04-11 20:55:00\" data-filename=\"Die-wundersch\u00f6ne-H\u00e4userfront-von-Triest-Molo-Audace-1.jpg\" data-slide-type=\"image\"><img loading=\"lazy\" decoding=\"async\" src=\"https:\/\/www.rundwanderweg-triest.de\/wp-content\/uploads\/Die-wundersch\u00f6ne-H\u00e4userfront-von-Triest-Molo-Audace-1.jpg\" height=\"413\" width=\"1200\" alt=\"\" class=\"slider-370 slide-372 msDefaultImage\" title=\"Le magnifique front de mer de Trieste - Molo Audace\" \/><\/li>\n            <\/ul>\n        <\/div>\n        \n    <\/div>\n<\/div><\/div><\/div><\/div><div id=\"pg-348-1\"  class=\"panel-grid panel-no-style\" ><div id=\"pgc-348-1-0\"  class=\"panel-grid-cell\" ><div id=\"panel-348-1-0-0\" class=\"so-panel widget widget_sow-editor panel-first-child panel-last-child\" data-index=\"1\" ><div\n\t\t\t\n\t\t\tclass=\"so-widget-sow-editor so-widget-sow-editor-base\"\n\t\t\t\n\t\t><h3 class=\"widget-title\">Arriv\u00e9e en voiture ou en train<\/h3>\n<div class=\"siteorigin-widget-tinymce textwidget\">\n\t<p>Trieste est reli\u00e9e au r\u00e9seau autoroutier europ\u00e9en par l'autoroute italienne A4 (Milan - V\u00e9rone - Venise - Sistiana) et par la route europ\u00e9enne E61 (Villach - Ljubljana - Trieste) qui traverse la Slov\u00e9nie. Lors de l'arriv\u00e9e, il faut savoir que le transit par les pays alpins (Suisse, Autriche et Slov\u00e9nie) est soumis \u00e0 une vignette obligatoire sur les autoroutes. Les autoroutes italiennes ne sont certes pas gratuites non plus, mais le p\u00e9age y est per\u00e7u s\u00e9par\u00e9ment pour chaque tron\u00e7on.<\/p>\n<p>Pour ceux qui voyagent en train, Trieste est accessible via la gare centrale\u00a0<em>Trieste Centrale.<\/em>\u00a0Il n'existe malheureusement pas de liaison directe en direction de l'Allemagne. Pour un trajet de la gare centrale de Munich \u00e0 Trieste Centrale, il faut compter par exemple 7 \u00e0 10 heures et plusieurs changements, selon la liaison.<\/p>\n<p>&nbsp;<\/p>\n<\/div>\n<\/div><\/div><\/div><\/div><div id=\"pg-348-2\"  class=\"panel-grid panel-no-style\" ><div id=\"pgc-348-2-0\"  class=\"panel-grid-cell\" ><div id=\"panel-348-2-0-0\" class=\"so-panel widget widget_sow-editor panel-first-child panel-last-child\" data-index=\"2\" ><div\n\t\t\t\n\t\t\tclass=\"so-widget-sow-editor so-widget-sow-editor-base\"\n\t\t\t\n\t\t><h3 class=\"widget-title\">Arriv\u00e9e en avion<\/h3>\n<div class=\"siteorigin-widget-tinymce textwidget\">\n\t<p>Trieste dispose, avec le <a href=\"https:\/\/goo.gl\/maps\/4BjKb3Tjkd52\" target=\"_blank\" rel=\"noopener\">A\u00e9roport Friuli Venezia Giulia<\/a> dispose certes de son propre a\u00e9roport, mais cet a\u00e9roport r\u00e9gional n'est jusqu'\u00e0 pr\u00e9sent desservi que par tr\u00e8s peu de lignes (moins de 20 d\u00e9collages\/atterrissages par jour). La meilleure fa\u00e7on de se rendre \u00e0 Trieste en avion est donc de passer par l'a\u00e9roport international <strong>A\u00e9roport de Venise<\/strong> (VCE - Aeroporto Marco Polo di Venezia), suivi d'un transfert en bus ou en train d'une dur\u00e9e d'environ 2 heures. Cela peut sembler difficile, mais le \"d\u00e9tour\" par Venise peut \u00eatre combin\u00e9 avec un court s\u00e9jour dans la c\u00e9l\u00e8bre ville lagunaire si le voyage est bien organis\u00e9.<\/p>\n<p><strong>Liaisons en bus vers Trieste directement depuis l'a\u00e9roport de Venise<\/strong> est disponible par exemple chez <a href=\"https:\/\/www.flixbus.de\/busverbindung\/fernbus-triest-venedig\" target=\"_blank\" rel=\"noopener\">Flixbus<\/a> (Les prix varient entre 5\u20ac et 15\u20ac en fonction de l'heure et de la demande, la dur\u00e9e du trajet en bus est d'environ 2 heures).<\/p>\n<p>Qui <strong>de l'a\u00e9roport de Venise<\/strong>\u00a0<strong>en train italien jusqu'\u00e0 Trieste<\/strong> de l'a\u00e9roport de Venise. <a href=\"http:\/\/www.atvo.it\/index.php?lingua=de\" target=\"_blank\" rel=\"noopener\">Navette de l'a\u00e9roport<\/a> vers l'une des deux gares de Venise. Les trains r\u00e9gionaux pour Trieste, qui circulent en g\u00e9n\u00e9ral au moins toutes les heures, desservent toujours les deux gares de Venise : Les trains partent de la gare terminus\u00a0<em>Venezia Santa Lucia<\/em> (la gare du centre-ville situ\u00e9e \u00e0 l'extr\u00e9mit\u00e9 nord du Grand Canal), puis traverser le pont pour rejoindre la terre ferme et la gare ferroviaire <em>Venezia Mestre<\/em> et de l\u00e0, en deux heures environ, jusqu'\u00e0 Trieste. Les trains \u00e0 grande vitesse italiens <em>Frecciarossa<\/em> s'arr\u00eatent en cours de route <em>Milan - Trieste<\/em> uniquement \u00e0 la gare continentale <em>Venezia Mestre<\/em>.<\/p>\n<p>Les navettes de l'a\u00e9roport desservent les deux gares. Depuis l'a\u00e9roport, c'est un peu plus court, la navette pour <em>Venezia Mestre<\/em> et de prendre le train \u00e0 cet endroit. Le chemin via <em>Venezia Santa Lucia<\/em> est environ 15 min plus long, mais selon l'heure d'arriv\u00e9e de l'avion, on atteint le m\u00eame train pour Trieste dans les deux variantes.<\/p>\n<p>&nbsp;<\/p>\n<\/div>\n<\/div><\/div><\/div><div id=\"pgc-348-2-1\"  class=\"panel-grid-cell\" ><div id=\"panel-348-2-1-0\" class=\"so-panel widget widget_sow-image panel-first-child\" data-index=\"3\" ><div\n\t\t\t\n\t\t\tclass=\"so-widget-sow-image so-widget-sow-image-default-8b5b6f678277-348\"\n\t\t\t\n\t\t>\n<div class=\"sow-image-container\">\n\t\t\t<a href=\"https:\/\/www.rundwanderweg-triest.de\/wp-content\/uploads\/Die-Bushaltestelle-des-Flixbus-befindet-sich-links-im-Bild.jpg\">\n\t\t\t<img \n\tsrc=\"https:\/\/www.rundwanderweg-triest.de\/wp-content\/uploads\/Die-Bushaltestelle-des-Flixbus-befindet-sich-links-im-Bild.jpg\" width=\"1692\" height=\"675\" srcset=\"https:\/\/www.rundwanderweg-triest.de\/wp-content\/uploads\/Die-Bushaltestelle-des-Flixbus-befindet-sich-links-im-Bild.jpg 1692w, https:\/\/www.rundwanderweg-triest.de\/wp-content\/uploads\/Die-Bushaltestelle-des-Flixbus-befindet-sich-links-im-Bild-300x120.jpg 300w, https:\/\/www.rundwanderweg-triest.de\/wp-content\/uploads\/Die-Bushaltestelle-des-Flixbus-befindet-sich-links-im-Bild-768x306.jpg 768w, https:\/\/www.rundwanderweg-triest.de\/wp-content\/uploads\/Die-Bushaltestelle-des-Flixbus-befindet-sich-links-im-Bild-1024x409.jpg 1024w\" sizes=\"(max-width: 1692px) 100vw, 1692px\" title=\"L&#039;arr\u00eat de bus de Flixbus se trouve \u00e0 gauche de l&#039;image\" alt=\"\" \t\tclass=\"so-widget-image\"\/>\n\t\t\t<\/a><\/div>\n\n<h3 class=\"widget-title\">L'arr\u00eat de bus de Flixbus se trouve \u00e0 gauche de l'image<\/h3><\/div><\/div><div id=\"panel-348-2-1-1\" class=\"so-panel widget widget_siteorigin-panels-builder panel-last-child\" data-index=\"4\" ><div id=\"pl-w5bf8477ca463a\"  class=\"panel-layout\" ><div id=\"pg-w5bf8477ca463a-0\"  class=\"panel-grid panel-no-style\" ><div id=\"pgc-w5bf8477ca463a-0-0\"  class=\"panel-grid-cell\" ><div id=\"panel-w5bf8477ca463a-0-0-0\" class=\"so-panel widget widget_sow-image panel-first-child panel-last-child\" data-index=\"0\" ><div\n\t\t\t\n\t\t\tclass=\"so-widget-sow-image so-widget-sow-image-default-8b5b6f678277\"\n\t\t\t\n\t\t>\n<div class=\"sow-image-container\">\n\t\t\t<a href=\"https:\/\/www.rundwanderweg-triest.de\/wp-content\/uploads\/Vom-Flughafen-Venedig-mit-Flixbus-direkt-nach-Triest.jpg\">\n\t\t\t<img \n\tsrc=\"https:\/\/www.rundwanderweg-triest.de\/wp-content\/uploads\/Vom-Flughafen-Venedig-mit-Flixbus-direkt-nach-Triest.jpg\" width=\"1200\" height=\"675\" srcset=\"https:\/\/www.rundwanderweg-triest.de\/wp-content\/uploads\/Vom-Flughafen-Venedig-mit-Flixbus-direkt-nach-Triest.jpg 1200w, https:\/\/www.rundwanderweg-triest.de\/wp-content\/uploads\/Vom-Flughafen-Venedig-mit-Flixbus-direkt-nach-Triest-300x169.jpg 300w, https:\/\/www.rundwanderweg-triest.de\/wp-content\/uploads\/Vom-Flughafen-Venedig-mit-Flixbus-direkt-nach-Triest-768x432.jpg 768w, https:\/\/www.rundwanderweg-triest.de\/wp-content\/uploads\/Vom-Flughafen-Venedig-mit-Flixbus-direkt-nach-Triest-1024x576.jpg 1024w\" sizes=\"(max-width: 1200px) 100vw, 1200px\" title=\"De l&#039;a\u00e9roport de Venise avec Flixbus directement \u00e0 Trieste\" alt=\"\" \t\tclass=\"so-widget-image\"\/>\n\t\t\t<\/a><\/div>\n\n<h3 class=\"widget-title\">De l'a\u00e9roport de Venise avec Flixbus directement \u00e0 Trieste<\/h3><\/div><\/div><\/div><div id=\"pgc-w5bf8477ca463a-0-1\"  class=\"panel-grid-cell\" ><div id=\"panel-w5bf8477ca463a-0-1-0\" class=\"so-panel widget widget_sow-image panel-first-child panel-last-child\" data-index=\"1\" ><div\n\t\t\t\n\t\t\tclass=\"so-widget-sow-image so-widget-sow-image-default-8b5b6f678277\"\n\t\t\t\n\t\t>\n<div class=\"sow-image-container\">\n\t\t\t<a href=\"https:\/\/www.rundwanderweg-triest.de\/wp-content\/uploads\/Airportshuttle-Flughafen-Venedig-ATVO.jpg\">\n\t\t\t<img \n\tsrc=\"https:\/\/www.rundwanderweg-triest.de\/wp-content\/uploads\/Airportshuttle-Flughafen-Venedig-ATVO.jpg\" width=\"1200\" height=\"675\" srcset=\"https:\/\/www.rundwanderweg-triest.de\/wp-content\/uploads\/Airportshuttle-Flughafen-Venedig-ATVO.jpg 1200w, https:\/\/www.rundwanderweg-triest.de\/wp-content\/uploads\/Airportshuttle-Flughafen-Venedig-ATVO-300x169.jpg 300w, https:\/\/www.rundwanderweg-triest.de\/wp-content\/uploads\/Airportshuttle-Flughafen-Venedig-ATVO-768x432.jpg 768w, https:\/\/www.rundwanderweg-triest.de\/wp-content\/uploads\/Airportshuttle-Flughafen-Venedig-ATVO-1024x576.jpg 1024w\" sizes=\"(max-width: 1200px) 100vw, 1200px\" title=\"Ou prendre la navette de l&#039;a\u00e9roport jusqu&#039;\u00e0 l&#039;une des deux gares de Venise, puis le train jusqu&#039;\u00e0 Trieste.\" alt=\"\" \t\tclass=\"so-widget-image\"\/>\n\t\t\t<\/a><\/div>\n\n<h3 class=\"widget-title\">Ou prendre la navette de l'a\u00e9roport jusqu'\u00e0 l'une des deux gares de Venise, puis le train jusqu'\u00e0 Trieste.<\/h3><\/div><\/div><\/div><\/div><\/div><\/div><\/div><\/div><\/div>","protected":false},"excerpt":{"rendered":"<p>Triest ist \u00fcber die italienische Autobahn A4 (Mailand &#8211; Verona &#8211; Venedig &#8211; Sistiana) und \u00fcber die durch Slowenien verlaufende Europastra\u00dfe E61 (Villach &#8211; Ljubljana &#8211; Triest) an das europ\u00e4ische Autobahn-Netz angebunden. Bei der Anfahrt ist zu beachten, dass beim Transit durch die Alpenl\u00e4nder (Schweiz, \u00d6sterreich und Slowenien) auf den Autobahnen jeweils eine Vignettenpflicht besteht. [&hellip;]<\/p>\n","protected":false},"author":1,"featured_media":0,"comment_status":"closed","ping_status":"closed","sticky":false,"template":"","format":"standard","meta":{"footnotes":""},"categories":[5],"tags":[],"class_list":["post-348","post","type-post","status-publish","format-standard","hentry","category-anreise-abreise-triest"],"_links":{"self":[{"href":"https:\/\/www.rundwanderweg-triest.de\/fr\/wp-json\/wp\/v2\/posts\/348","targetHints":{"allow":["GET"]}}],"collection":[{"href":"https:\/\/www.rundwanderweg-triest.de\/fr\/wp-json\/wp\/v2\/posts"}],"about":[{"href":"https:\/\/www.rundwanderweg-triest.de\/fr\/wp-json\/wp\/v2\/types\/post"}],"author":[{"embeddable":true,"href":"https:\/\/www.rundwanderweg-triest.de\/fr\/wp-json\/wp\/v2\/users\/1"}],"replies":[{"embeddable":true,"href":"https:\/\/www.rundwanderweg-triest.de\/fr\/wp-json\/wp\/v2\/comments?post=348"}],"version-history":[{"count":0,"href":"https:\/\/www.rundwanderweg-triest.de\/fr\/wp-json\/wp\/v2\/posts\/348\/revisions"}],"wp:attachment":[{"href":"https:\/\/www.rundwanderweg-triest.de\/fr\/wp-json\/wp\/v2\/media?parent=348"}],"wp:term":[{"taxonomy":"category","embeddable":true,"href":"https:\/\/www.rundwanderweg-triest.de\/fr\/wp-json\/wp\/v2\/categories?post=348"},{"taxonomy":"post_tag","embeddable":true,"href":"https:\/\/www.rundwanderweg-triest.de\/fr\/wp-json\/wp\/v2\/tags?post=348"}],"curies":[{"name":"wp","href":"https:\/\/api.w.org\/{rel}","templated":true}]}}