{"id":300,"date":"2018-01-02T18:49:22","date_gmt":"2018-01-02T17:49:22","guid":{"rendered":"https:\/\/www.rundwanderweg-triest.de\/?p=300"},"modified":"2018-12-21T17:07:58","modified_gmt":"2018-12-21T16:07:58","slug":"indicazioni-per-la-fase-5","status":"publish","type":"post","link":"https:\/\/www.rundwanderweg-triest.de\/it\/etappe-5-wegbeschreibung\/","title":{"rendered":"Tappa 5: Descrizione del percorso"},"content":{"rendered":"<div id=\"pl-300\"  class=\"panel-layout\" ><div id=\"pg-300-0\"  class=\"panel-grid panel-no-style\" ><div id=\"pgc-300-0-0\"  class=\"panel-grid-cell\" ><div id=\"panel-300-0-0-0\" class=\"so-panel widget widget_metaslider_widget panel-first-child panel-last-child\" data-index=\"0\" ><div id=\"metaslider-id-180\" style=\"max-width: 1200px;\" class=\"ml-slider-3-108-0 metaslider metaslider-flex metaslider-180 ml-slider has-dots-nav ms-theme-simply-dark\" role=\"region\" aria-label=\"Fase 5\" data-height=\"500\" data-width=\"1200\">\n    <div id=\"metaslider_container_180\">\n        <div id=\"metaslider_180\">\n            <ul class='slides'>\n                <li style=\"display: block; width: 100%;\" class=\"slide-695 ms-image\" aria-roledescription=\"slide\" data-date=\"2018-07-29 18:48:07\" data-filename=\"Rundwanderung-Triest-ITA-SLO-Etappe-5-Blick-zur\u00fcck-auf-Lokev-unsere-\u00dcbernachtungsstation-in-Slovenien.jpg\" data-slide-type=\"image\"><img loading=\"lazy\" decoding=\"async\" src=\"https:\/\/www.rundwanderweg-triest.de\/wp-content\/uploads\/Rundwanderung-Triest-ITA-SLO-Etappe-5-Blick-zur\u00fcck-auf-Lokev-unsere-\u00dcbernachtungsstation-in-Slovenien.jpg\" height=\"500\" width=\"1200\" alt=\"\" class=\"slider-180 slide-695 msDefaultImage\" title=\"Escursione circolare Trieste ITA-SLO - Tappa 5 - Vista di ritorno a Lokev - il nostro pernottamento in Slovenia\" \/><\/li>\n                <li style=\"display: none; width: 100%;\" class=\"slide-696 ms-image\" aria-roledescription=\"slide\" data-date=\"2018-07-29 18:48:07\" data-filename=\"Rundwanderung-Triest-ITA-SLO-Etappe-5-Der-Himmel-\u00fcber-Lokev.jpg\" data-slide-type=\"image\"><img loading=\"lazy\" decoding=\"async\" src=\"https:\/\/www.rundwanderweg-triest.de\/wp-content\/uploads\/Rundwanderung-Triest-ITA-SLO-Etappe-5-Der-Himmel-\u00fcber-Lokev.jpg\" height=\"500\" width=\"1200\" alt=\"\" class=\"slider-180 slide-696 msDefaultImage\" title=\"Escursione circolare Trieste ITA-SLO - Tappa 5 - Il cielo sopra Lokev\" \/><\/li>\n                <li style=\"display: none; width: 100%;\" class=\"slide-697 ms-image\" aria-roledescription=\"slide\" data-date=\"2018-07-29 18:48:07\" data-filename=\"Rundwanderung-Triest-ITA-SLO-Etappe-5-Laubwald-irgendwo-zwischen-Slovenien-und-Italien.jpg\" data-slide-type=\"image\"><img loading=\"lazy\" decoding=\"async\" src=\"https:\/\/www.rundwanderweg-triest.de\/wp-content\/uploads\/Rundwanderung-Triest-ITA-SLO-Etappe-5-Laubwald-irgendwo-zwischen-Slovenien-und-Italien.jpg\" height=\"500\" width=\"1200\" alt=\"\" class=\"slider-180 slide-697 msDefaultImage\" title=\"Escursione circolare Trieste ITA-SLO - Tappa 5 - Foresta decidua a met\u00e0 strada tra Slovenia e Italia\" \/><\/li>\n                <li style=\"display: none; width: 100%;\" class=\"slide-698 ms-image\" aria-roledescription=\"slide\" data-date=\"2018-07-29 18:48:07\" data-filename=\"Rundwanderung-Triest-ITA-SLO-Etappe-5-Das-Naturreservat-Val-Rosandra-im-westlichen-Teil-der-Triestiner-Karst.jpg\" data-slide-type=\"image\"><img loading=\"lazy\" decoding=\"async\" src=\"https:\/\/www.rundwanderweg-triest.de\/wp-content\/uploads\/Rundwanderung-Triest-ITA-SLO-Etappe-5-Das-Naturreservat-Val-Rosandra-im-westlichen-Teil-der-Triestiner-Karst.jpg\" height=\"500\" width=\"1200\" alt=\"\" class=\"slider-180 slide-698 msDefaultImage\" title=\"Escursione circolare Trieste ITA-SLO - Tappa 5 - La Riserva Naturale della Val Rosandra nella parte occidentale del Carso triestino\" \/><\/li>\n                <li style=\"display: none; width: 100%;\" class=\"slide-699 ms-image\" aria-roledescription=\"slide\" data-date=\"2018-07-29 18:48:07\" data-filename=\"Rundwanderung-Triest-ITA-SLO-Etappe-5-\u00dcber-dem-Val-Rosandra-mit-Blick-auf-Triest.jpg\" data-slide-type=\"image\"><img loading=\"lazy\" decoding=\"async\" src=\"https:\/\/www.rundwanderweg-triest.de\/wp-content\/uploads\/Rundwanderung-Triest-ITA-SLO-Etappe-5-\u00dcber-dem-Val-Rosandra-mit-Blick-auf-Triest.jpg\" height=\"500\" width=\"1200\" alt=\"\" class=\"slider-180 slide-699 msDefaultImage\" title=\"Escursione circolare Trieste ITA-SLO - Tappa 5 - Sopra la Val Rosandra con vista su Trieste\" \/><\/li>\n            <\/ul>\n        <\/div>\n        \n    <\/div>\n<\/div><\/div><\/div><\/div><div id=\"pg-300-1\"  class=\"panel-grid panel-no-style\" ><div id=\"pgc-300-1-0\"  class=\"panel-grid-cell\" ><div id=\"panel-300-1-0-0\" class=\"so-panel widget widget_siteorigin-panels-builder panel-first-child panel-last-child\" data-index=\"1\" ><div id=\"pl-w5c1d0f500f6e2\"  class=\"panel-layout\" ><div id=\"pg-w5c1d0f500f6e2-0\"  class=\"panel-grid panel-no-style\" ><div id=\"pgc-w5c1d0f500f6e2-0-0\"  class=\"panel-grid-cell\" ><div id=\"panel-w5c1d0f500f6e2-0-0-0\" class=\"so-panel widget widget_sow-editor panel-first-child panel-last-child\" data-index=\"0\" ><div\n\t\t\t\n\t\t\tclass=\"so-widget-sow-editor so-widget-sow-editor-base\"\n\t\t\t\n\t\t><h3 class=\"widget-title\">Da Lokev a Veliko Gradi\u0161\u010de<\/h3>\n<div class=\"siteorigin-widget-tinymce textwidget\">\n\t<p>Oggi \u00e8 l'ultima tappa del nostro percorso circolare e anche uno dei momenti pi\u00f9 belli dal punto di vista paesaggistico: La gola nel <em>Val Rosandra.<\/em> Per farlo, per\u00f2, dobbiamo prima tornare in Italia e uscire da Lokev attraverso il sentiero di fronte al ristorante\u00a0<em>Gostilna Muha<\/em>\u00a0in direzione sud (waypoint 1).<\/p>\n<p>Camminiamo per un po' in salita sui campi, attraversiamo un piccolo villaggio di Lokev e poi camminiamo nella foresta fino alla cima del monte. <em>Veliko Gradi\u0161\u010de<\/em>. Si tratta pi\u00f9 di una collina che di una montagna, ma con i suoi 742 metri \u00e8 comunque il punto pi\u00f9 alto delle nostre cinque tappe. Non preoccupatevi: oggi sar\u00e0 ancora pi\u00f9 spettacolare, ma solo 300 metri pi\u00f9 in basso!<\/p>\n<\/div>\n<\/div><\/div><\/div><div id=\"pgc-w5c1d0f500f6e2-0-1\"  class=\"panel-grid-cell\" ><div id=\"panel-w5c1d0f500f6e2-0-1-0\" class=\"so-panel widget widget_sow-image panel-first-child panel-last-child\" data-index=\"1\" ><div\n\t\t\t\n\t\t\tclass=\"so-widget-sow-image so-widget-sow-image-default-8b5b6f678277\"\n\t\t\t\n\t\t>\n<div class=\"sow-image-container\">\n\t\t\t<a href=\"https:\/\/www.rundwanderweg-triest.de\/wp-content\/uploads\/Rundwanderung-Triest-ITA-SLO-Etappe-5-Veliko-Gradi\u0161ce-Mit-740m-der-h\u00f6chste-Punkt-des-gesamten-Tour.jpg\"\n\t\t\t\t\t>\n\t\t\t<img \n\tsrc=\"https:\/\/www.rundwanderweg-triest.de\/wp-content\/uploads\/Rundwanderung-Triest-ITA-SLO-Etappe-5-Veliko-Gradi\u0161ce-Mit-740m-der-h\u00f6chste-Punkt-des-gesamten-Tour.jpg\" width=\"800\" height=\"600\" srcset=\"https:\/\/www.rundwanderweg-triest.de\/wp-content\/uploads\/Rundwanderung-Triest-ITA-SLO-Etappe-5-Veliko-Gradi\u0161ce-Mit-740m-der-h\u00f6chste-Punkt-des-gesamten-Tour.jpg 800w, https:\/\/www.rundwanderweg-triest.de\/wp-content\/uploads\/Rundwanderung-Triest-ITA-SLO-Etappe-5-Veliko-Gradi\u0161ce-Mit-740m-der-h\u00f6chste-Punkt-des-gesamten-Tour-300x225.jpg 300w, https:\/\/www.rundwanderweg-triest.de\/wp-content\/uploads\/Rundwanderung-Triest-ITA-SLO-Etappe-5-Veliko-Gradi\u0161ce-Mit-740m-der-h\u00f6chste-Punkt-des-gesamten-Tour-768x576.jpg 768w\" sizes=\"(max-width: 800px) 100vw, 800px\" title=\"Veliko Gradi\u0161ce: a circa 740 m, il punto pi\u00f9 alto dell&#039;intero tour.\" alt=\"\" \t\tclass=\"so-widget-image\"\/>\n\t\t\t<\/a><\/div>\n\n<h3 class=\"widget-title\">Veliko Gradi\u0161ce: a circa 740 m, il punto pi\u00f9 alto dell'intero tour.<\/h3><\/div><\/div><\/div><\/div><\/div><\/div><\/div><div id=\"pgc-300-1-1\"  class=\"panel-grid-cell\" ><div id=\"panel-300-1-1-0\" class=\"so-panel widget widget_sow-editor panel-first-child\" data-index=\"2\" ><div\n\t\t\t\n\t\t\tclass=\"so-widget-sow-editor so-widget-sow-editor-base\"\n\t\t\t\n\t\t><h3 class=\"widget-title\">Fatti sulla fase 5<\/h3>\n<div class=\"siteorigin-widget-tinymce textwidget\">\n\t<p><b>Percorso: <\/b> 14,5 km<br \/>\n<b>Altitudine metri: <\/b> 425 m di salita \/ 800 m di discesa<br \/>\n<b>Durata:<\/b> 6:00h (senza pause)<br \/>\nVedi anche <a href=\"https:\/\/www.rundwanderweg-triest.de\/it\/profilo-altimetrico-dellescursione-di-5-giorni-intorno-al-viaggio\/\">Profilo altimetrico<\/a><\/p>\n<\/div>\n<\/div><\/div><div id=\"panel-300-1-1-1\" class=\"so-panel widget widget_edd_product_details\" data-index=\"3\" ><h3 class=\"widget-title\">Download del percorso GPS per la tappa 5 (formato GPX)<\/h3>\t<form id=\"edd_purchase_286\" class=\"edd_download_purchase_form edd_purchase_286\" method=\"post\" action=\"\">\n\n\t\t\n\t\t<div class=\"edd_purchase_submit_wrapper\">\n\t\t\t<button class=\"edd-add-to-cart button green edd-submit\" data-nonce=\"6c4e6a2795\" data-timestamp=\"1777635084\" data-token=\"aaba99e141db2fd3c50e93ddfcdcbeafb9fac5001fe24ae4ce13f16bdaadd2d2\" data-action=\"edd_add_to_cart\" data-download-id=\"286\" data-variable-price=\"no\" data-price-mode=\"single\" data-price=\"0.00\" ><span class=\"edd-add-to-cart-label\">Gratuito - Aggiungi al carrello<\/span> <span class=\"edd-loading\" aria-label=\"Caricamento\"><\/span><\/button><input type=\"submit\" class=\"edd-add-to-cart edd-no-js button green edd-submit\" name=\"edd_purchase_download\" value=\"Gratuito - Aggiungi al carrello\" data-action=\"edd_add_to_cart\" data-download-id=\"286\" data-variable-price=\"no\" data-price-mode=\"single\" \/><a href=\"https:\/\/www.rundwanderweg-triest.de\/it\/kasse\/\" class=\"edd_go_to_checkout button green edd-submit\" style=\"display:none;\">Mostra il carrello della spesa<\/a>\n\t\t\t\t\t\t\t<span class=\"edd-cart-ajax-alert\" aria-live=\"assertive\">\n\t\t\t\t\t<span class=\"edd-cart-added-alert\" style=\"display: none;\">\n\t\t\t\t\t\t<svg class=\"edd-icon edd-icon-check\" xmlns=\"http:\/\/www.w3.org\/2000\/svg\" width=\"28\" height=\"28\" viewbox=\"0 0 28 28\" aria-hidden=\"true\">\n\t\t\t\t\t\t\t<path d=\"M26.11 8.844c0 .39-.157.78-.44 1.062L12.234 23.344c-.28.28-.672.438-1.062.438s-.78-.156-1.06-.438l-7.782-7.78c-.28-.282-.438-.673-.438-1.063s.156-.78.438-1.06l2.125-2.126c.28-.28.672-.438 1.062-.438s.78.156 1.062.438l4.594 4.61L21.42 5.656c.282-.28.673-.438 1.063-.438s.78.155 1.062.437l2.125 2.125c.28.28.438.672.438 1.062z\"\/>\n\t\t\t\t\t\t<\/svg>\n\t\t\t\t\t\tAggiunto al carrello\t\t\t\t\t<\/span>\n\t\t\t\t<\/span>\n\t\t\t\t\t\t\t\t<\/div><!--end .edd_purchase_submit_wrapper-->\n\n\t\t<input type=\"hidden\" name=\"download_id\" value=\"286\">\n\t\t\t\t\t\t\t<input type=\"hidden\" name=\"edd_action\" class=\"edd_action_input\" value=\"add_to_cart\">\n\t\t\n\t\t\n\t\t\n\t\t\n\t<input type=\"hidden\" name=\"trp-form-language\" value=\"it\"\/><\/form><!--end #edd_purchase_286-->\n\t<\/div><div id=\"panel-300-1-1-2\" class=\"so-panel widget widget_sow-editor panel-last-child\" data-index=\"4\" ><div\n\t\t\t\n\t\t\tclass=\"so-widget-sow-editor so-widget-sow-editor-base\"\n\t\t\t\n\t\t><h3 class=\"widget-title\">Punti di ristoro lungo il percorso<\/h3>\n<div class=\"siteorigin-widget-tinymce textwidget\">\n\t<p>Albergo-ristorante sulla strada di\u00a0<em>Pesek<\/em>Tuttavia, pi\u00f9 accogliente \u00e8 il\u00a0<a href=\"https:\/\/goo.gl\/maps\/zqoxcfJcp3N2\" target=\"_blank\" rel=\"noopener\">Locanda Mario<\/a>\u00a0in <em>Draga<\/em><\/p>\n<\/div>\n<\/div><\/div><\/div><\/div><div id=\"pg-300-2\"  class=\"panel-grid panel-no-style\" ><div id=\"pgc-300-2-0\"  class=\"panel-grid-cell\" ><div id=\"panel-300-2-0-0\" class=\"so-panel widget widget_sow-image panel-first-child panel-last-child\" data-index=\"5\" ><div\n\t\t\t\n\t\t\tclass=\"so-widget-sow-image so-widget-sow-image-default-8b5b6f678277-300\"\n\t\t\t\n\t\t>\n<div class=\"sow-image-container\">\n\t\t\t<a href=\"https:\/\/www.rundwanderweg-triest.de\/wp-content\/uploads\/Rundwanderung-Triest-ITA-SLO-Etappe-5-Kleiner-Friedhof-mit-verlassener-Kapelle.jpg\">\n\t\t\t<img \n\tsrc=\"https:\/\/www.rundwanderweg-triest.de\/wp-content\/uploads\/Rundwanderung-Triest-ITA-SLO-Etappe-5-Kleiner-Friedhof-mit-verlassener-Kapelle.jpg\" width=\"944\" height=\"600\" srcset=\"https:\/\/www.rundwanderweg-triest.de\/wp-content\/uploads\/Rundwanderung-Triest-ITA-SLO-Etappe-5-Kleiner-Friedhof-mit-verlassener-Kapelle.jpg 944w, https:\/\/www.rundwanderweg-triest.de\/wp-content\/uploads\/Rundwanderung-Triest-ITA-SLO-Etappe-5-Kleiner-Friedhof-mit-verlassener-Kapelle-300x191.jpg 300w, https:\/\/www.rundwanderweg-triest.de\/wp-content\/uploads\/Rundwanderung-Triest-ITA-SLO-Etappe-5-Kleiner-Friedhof-mit-verlassener-Kapelle-768x488.jpg 768w\" sizes=\"(max-width: 944px) 100vw, 944px\" title=\"Piccolo cimitero con cappella abbandonata nella zona di confine tra Slovenia e Italia\" alt=\"\" \t\tclass=\"so-widget-image\"\/>\n\t\t\t<\/a><\/div>\n\n<h3 class=\"widget-title\">Piccolo cimitero con cappella abbandonata nella zona di confine tra Slovenia e Italia<\/h3><\/div><\/div><\/div><div id=\"pgc-300-2-1\"  class=\"panel-grid-cell\" ><div id=\"panel-300-2-1-0\" class=\"so-panel widget widget_sow-editor panel-first-child panel-last-child\" data-index=\"6\" ><div\n\t\t\t\n\t\t\tclass=\"so-widget-sow-editor so-widget-sow-editor-base\"\n\t\t\t\n\t\t><h3 class=\"widget-title\">Torna in Italia<\/h3>\n<div class=\"siteorigin-widget-tinymce textwidget\">\n\t<p>La discesa dal\u00a0<em>Veliko Gradi\u0161\u010de\u00a0<\/em>inizialmente attraversa una bellissima foresta di latifoglie. Poi raggiungiamo un sentiero nel bosco che ci porta a costeggiare un piccolo cimitero con una cappella abbandonata. Da qui in poi siamo di nuovo sulla Via-Alpina (che qui corre insieme all'Alpe-Adria-Trail). Dopo alcuni tornanti, teniamo la destra sulla Via-Alpina (l'Alpe-Adria-Trail andrebbe a sinistra, ma a nostro avviso \u00e8 meno bella nel percorso successivo) ed entriamo di nuovo in territorio italiano (waypoint 3). Attraversiamo <em>Pesek<\/em>Un luogo che consiste quasi solo in una grande arteria stradale e nell'omonimo hotel. Direttamente dietro l'hotel giriamo a sinistra (punto di passaggio 4). Scendiamo fino ad attraversare per due volte di seguito una ex linea ferroviaria, ora trasformata in pista ciclabile, che percorre la valle con un'ampia curva.<\/p>\n<p>Nella piccola citt\u00e0 <em>Draga<\/em>\u00a0d\u00e0 con il\u00a0<a href=\"https:\/\/goo.gl\/maps\/zqoxcfJcp3N2\" target=\"_blank\" rel=\"noopener\">Locanda Mario<\/a>\u00a0un'opportunit\u00e0 di riposo con pranzo (punto di passaggio 5).<\/p>\n<\/div>\n<\/div><\/div><\/div><\/div><div id=\"pg-300-3\"  class=\"panel-grid panel-no-style\" ><div id=\"pgc-300-3-0\"  class=\"panel-grid-cell\" ><div id=\"panel-300-3-0-0\" class=\"so-panel widget widget_sow-editor panel-first-child\" data-index=\"7\" ><div\n\t\t\t\n\t\t\tclass=\"so-widget-sow-editor so-widget-sow-editor-base\"\n\t\t\t\n\t\t><h3 class=\"widget-title\">Sopra la Val Rosandra<\/h3>\n<div class=\"siteorigin-widget-tinymce textwidget\">\n\t<p>A Draga, superiamo la Locanda Mario sulla destra e raggiungiamo uno stretto sentiero escursionistico. Dal punto 6 l'escursione diventa improvvisamente alpina: sulla Via Alpina si sale lungo il margine roccioso destro della Val Rosandra. Ad ogni passo e ad ogni masso scalato, la vista diventa sempre pi\u00f9 spettacolare. Una volta arrivati in cima, si ha il programma completo dei contrasti: sotto di noi la gola rocciosa carsica della Val Rosandra, davanti a noi le gru e le strutture portuali e in pi\u00f9 il panorama del Golfo di Trieste! Nel caso in cui tutti non siano in grado di subire il fascino industriale e romantico di questo luogo quanto me: Ammetto prontamente che, in quanto residente ad Amburgo per scelta, ho forse un'inclinazione meno che razionale verso il tema del porto...<\/p>\n<\/div>\n<\/div><\/div><div id=\"panel-300-3-0-1\" class=\"so-panel widget widget_sow-image panel-last-child\" data-index=\"8\" ><div\n\t\t\t\n\t\t\tclass=\"so-widget-sow-image so-widget-sow-image-default-8b5b6f678277-300\"\n\t\t\t\n\t\t>\n<div class=\"sow-image-container\">\n\t\t\t<a href=\"https:\/\/www.rundwanderweg-triest.de\/wp-content\/uploads\/Rundwanderung-Triest-ITA-SLO-Etappe-5-Das-Naturreservat-Val-Rosandra-mit-Blick-auf-Triest-beim-Aufstieg.jpg\">\n\t\t\t<img \n\tsrc=\"https:\/\/www.rundwanderweg-triest.de\/wp-content\/uploads\/Rundwanderung-Triest-ITA-SLO-Etappe-5-Das-Naturreservat-Val-Rosandra-mit-Blick-auf-Triest-beim-Aufstieg.jpg\" width=\"1400\" height=\"641\" srcset=\"https:\/\/www.rundwanderweg-triest.de\/wp-content\/uploads\/Rundwanderung-Triest-ITA-SLO-Etappe-5-Das-Naturreservat-Val-Rosandra-mit-Blick-auf-Triest-beim-Aufstieg.jpg 1400w, https:\/\/www.rundwanderweg-triest.de\/wp-content\/uploads\/Rundwanderung-Triest-ITA-SLO-Etappe-5-Das-Naturreservat-Val-Rosandra-mit-Blick-auf-Triest-beim-Aufstieg-300x137.jpg 300w, https:\/\/www.rundwanderweg-triest.de\/wp-content\/uploads\/Rundwanderung-Triest-ITA-SLO-Etappe-5-Das-Naturreservat-Val-Rosandra-mit-Blick-auf-Triest-beim-Aufstieg-768x352.jpg 768w, https:\/\/www.rundwanderweg-triest.de\/wp-content\/uploads\/Rundwanderung-Triest-ITA-SLO-Etappe-5-Das-Naturreservat-Val-Rosandra-mit-Blick-auf-Triest-beim-Aufstieg-1024x469.jpg 1024w\" sizes=\"(max-width: 1400px) 100vw, 1400px\" title=\"La riserva naturale della Val Rosandra: in salita lungo la Via Alpina\" alt=\"\" \t\tclass=\"so-widget-image\"\/>\n\t\t\t<\/a><\/div>\n\n<h3 class=\"widget-title\">La riserva naturale della Val Rosandra: in salita lungo la Via Alpina<\/h3><\/div><\/div><\/div><div id=\"pgc-300-3-1\"  class=\"panel-grid-cell\" ><div id=\"panel-300-3-1-0\" class=\"so-panel widget widget_sow-image panel-first-child panel-last-child\" data-index=\"9\" ><div\n\t\t\t\n\t\t\tclass=\"so-widget-sow-image so-widget-sow-image-default-8b5b6f678277-300\"\n\t\t\t\n\t\t>\n<div class=\"sow-image-container\">\n\t\t\t<a href=\"https:\/\/www.rundwanderweg-triest.de\/wp-content\/uploads\/Rundwanderung-Triest-ITA-SLO-Etappe-5-Das-Naturreservat-Val-Rosandra-mit-Blick-auf-Triest-Hochformat-2.jpg\">\n\t\t\t<img \n\tsrc=\"https:\/\/www.rundwanderweg-triest.de\/wp-content\/uploads\/Rundwanderung-Triest-ITA-SLO-Etappe-5-Das-Naturreservat-Val-Rosandra-mit-Blick-auf-Triest-Hochformat-2.jpg\" width=\"900\" height=\"1200\" srcset=\"https:\/\/www.rundwanderweg-triest.de\/wp-content\/uploads\/Rundwanderung-Triest-ITA-SLO-Etappe-5-Das-Naturreservat-Val-Rosandra-mit-Blick-auf-Triest-Hochformat-2.jpg 900w, https:\/\/www.rundwanderweg-triest.de\/wp-content\/uploads\/Rundwanderung-Triest-ITA-SLO-Etappe-5-Das-Naturreservat-Val-Rosandra-mit-Blick-auf-Triest-Hochformat-2-225x300.jpg 225w, https:\/\/www.rundwanderweg-triest.de\/wp-content\/uploads\/Rundwanderung-Triest-ITA-SLO-Etappe-5-Das-Naturreservat-Val-Rosandra-mit-Blick-auf-Triest-Hochformat-2-768x1024.jpg 768w\" sizes=\"(max-width: 900px) 100vw, 900px\" title=\"Val Rosandra: riserva naturale con vista sulle strutture portuali di Trieste\" alt=\"\" \t\tclass=\"so-widget-image\"\/>\n\t\t\t<\/a><\/div>\n\n<\/div><\/div><\/div><\/div><div id=\"pg-300-4\"  class=\"panel-grid panel-no-style\" ><div id=\"pgc-300-4-0\"  class=\"panel-grid-cell\" ><div id=\"panel-300-4-0-0\" class=\"so-panel widget widget_sow-editor panel-first-child\" data-index=\"10\" ><div\n\t\t\t\n\t\t\tclass=\"so-widget-sow-editor so-widget-sow-editor-base\"\n\t\t\t\n\t\t><h3 class=\"widget-title\">Dall'altopiano alla gola<\/h3>\n<div class=\"siteorigin-widget-tinymce textwidget\">\n\t<p>Cos\u00ec, dopo aver goduto per un bel po' di tempo di questa vista spettacolare, ci incamminiamo lungo l'altopiano, sempre in pendenza, fino a raggiungere <em>San Lorenzo<\/em>. Alla chiesetta (punto 7) si gira a sinistra, si attraversa il paese e lo si lascia su una piccola strada secondaria. Poco dopo il cartello di uscita dalla citt\u00e0, c'\u00e8 un piccolo parcheggio (punto 8), dove si gira a sinistra. Il parcheggio \u00e8 destinato principalmente ai visitatori per raggiungere comodamente la vicina piattaforma panoramica. Tuttavia, il nostro sentiero si dirama a destra prima della piattaforma panoramica (waypoint 9). La deviazione per la ripida discesa \u00e8 facile da sbagliare. Chi arriva alla piccola piattaforma panoramica ha camminato troppo.<\/p>\n<p>Da questo momento in poi, la discesa \u00e8 da ripida a molto ripida, fino ad attraversare il piccolo torrente responsabile della profonda gola della Val Rosandra e al waypoint 10 prima della <em>Rifugio Mario Premuda<\/em>\u00a0stand. Il rifugio, gestito dal Club Alpino Italiano, \u00e8 un punto di contatto per molti alpinisti e vanta un primato molto particolare: a soli 82 metri sul livello del mare, \u00e8 il rifugio del Club Alpino pi\u00f9 basso della penisola.<\/p>\n<p>Dal Rifugio si raggiunge in pochi minuti il paese di <em>Bagnoli della Rosandra.\u00a0<\/em>Da l\u00ec c'\u00e8 la possibilit\u00e0,\u00a0<a href=\"https:\/\/moovitapp.com\/?from=Bagnoli&amp;to=Trieste%20Centrale&amp;fll=45.614095_13.858424&amp;tll=45.658288_13.771569&amp;metroId=2182&amp;lang=de&amp;t=1\" target=\"_blank\" rel=\"noopener\">in autobus fino a Trieste<\/a>\u00a0per guidare. Questa sarebbe anche la nostra raccomandazione.<\/p>\n<p><strong>Alternativa:<\/strong> Invece, durante il nostro tour escursionistico ci siamo fermati a <em>Bagnoli della Rosandra<\/em> pernottamento (alloggio: <a class=\"booking-link\" href=\"https:\/\/www.booking.com\/hotel\/it\/residence-bleu.en.html?aid=1497352&amp;no_rooms=1&amp;group_adults=1\" target=\"_blank\" rel=\"noopener\">Residenza Bleu<\/a>) e il giorno dopo siamo partiti per la tappa finale ufficiale dell'Alpe-Adria-Trail. Termina a Muggia, da dove si pu\u00f2 prendere il traghetto per Trieste. In realt\u00e0 \u00e8 una bella idea, solo che il sentiero escursionistico passa per lo pi\u00f9 accanto a zone industriali e in parte le attraversa. Non \u00e8 molto attraente e non \u00e8 un bel finale. Pertanto, abbiamo deciso di non raccomandare esplicitamente questa \"sesta tappa\" sul nostro sito web. Consigliamo invece di considerare la tappa 5 come il coronamento di questa piccola escursione a lunga distanza.<\/p>\n<\/div>\n<\/div><\/div><div id=\"panel-300-4-0-1\" class=\"so-panel widget widget_sow-image\" data-index=\"11\" ><div\n\t\t\t\n\t\t\tclass=\"so-widget-sow-image so-widget-sow-image-default-8b5b6f678277-300\"\n\t\t\t\n\t\t>\n<div class=\"sow-image-container\">\n\t\t\t<a href=\"https:\/\/www.rundwanderweg-triest.de\/wp-content\/uploads\/Rundwanderung-Triest-ITA-SLO-Etappe-5-Das-Naturreservat-Val-Rosandra-mit-Blick-auf-Triest-fast-ganz-oben.jpg\">\n\t\t\t<img \n\tsrc=\"https:\/\/www.rundwanderweg-triest.de\/wp-content\/uploads\/Rundwanderung-Triest-ITA-SLO-Etappe-5-Das-Naturreservat-Val-Rosandra-mit-Blick-auf-Triest-fast-ganz-oben.jpg\" width=\"1400\" height=\"640\" srcset=\"https:\/\/www.rundwanderweg-triest.de\/wp-content\/uploads\/Rundwanderung-Triest-ITA-SLO-Etappe-5-Das-Naturreservat-Val-Rosandra-mit-Blick-auf-Triest-fast-ganz-oben.jpg 1400w, https:\/\/www.rundwanderweg-triest.de\/wp-content\/uploads\/Rundwanderung-Triest-ITA-SLO-Etappe-5-Das-Naturreservat-Val-Rosandra-mit-Blick-auf-Triest-fast-ganz-oben-300x137.jpg 300w, https:\/\/www.rundwanderweg-triest.de\/wp-content\/uploads\/Rundwanderung-Triest-ITA-SLO-Etappe-5-Das-Naturreservat-Val-Rosandra-mit-Blick-auf-Triest-fast-ganz-oben-768x351.jpg 768w, https:\/\/www.rundwanderweg-triest.de\/wp-content\/uploads\/Rundwanderung-Triest-ITA-SLO-Etappe-5-Das-Naturreservat-Val-Rosandra-mit-Blick-auf-Triest-fast-ganz-oben-1024x468.jpg 1024w\" sizes=\"(max-width: 1400px) 100vw, 1400px\" title=\"Vista dall&#039;altopiano sopra la Val Rosandra\" alt=\"\" \t\tclass=\"so-widget-image\"\/>\n\t\t\t<\/a><\/div>\n\n<h3 class=\"widget-title\">Vista dall'altopiano sopra la Val Rosandra<\/h3><\/div><\/div><div id=\"panel-300-4-0-2\" class=\"so-panel widget widget_siteorigin-panels-builder panel-last-child\" data-index=\"12\" ><div id=\"pl-w5c0a782cd6f78\"  class=\"panel-layout\" ><div id=\"pg-w5c0a782cd6f78-0\"  class=\"panel-grid panel-no-style\" ><div id=\"pgc-w5c0a782cd6f78-0-0\"  class=\"panel-grid-cell\" ><div id=\"panel-w5c0a782cd6f78-0-0-0\" class=\"so-panel widget widget_sow-image panel-first-child panel-last-child\" data-index=\"0\" ><div\n\t\t\t\n\t\t\tclass=\"so-widget-sow-image so-widget-sow-image-default-8b5b6f678277\"\n\t\t\t\n\t\t><\/div><\/div><\/div><div id=\"pgc-w5c0a782cd6f78-0-1\"  class=\"panel-grid-cell\" ><div id=\"panel-w5c0a782cd6f78-0-1-0\" class=\"so-panel widget widget_sow-image panel-first-child panel-last-child\" data-index=\"1\" ><div\n\t\t\t\n\t\t\tclass=\"so-widget-sow-image so-widget-sow-image-default-8b5b6f678277\"\n\t\t\t\n\t\t><\/div><\/div><\/div><\/div><\/div><\/div><\/div><\/div><\/div>","protected":false},"excerpt":{"rendered":"<p>Distanza: 14,5 km Dislivello: 425 m in salita \/ 800 m in discesa Durata: 6:00h (senza pause) Vedi anche il profilo altimetrico dell'hotel-ristorante sulla strada di passaggio a Pesek, ma la Locanda Mario a Draga \u00e8 molto pi\u00f9 confortevole.<\/p>","protected":false},"author":1,"featured_media":0,"comment_status":"closed","ping_status":"closed","sticky":false,"template":"","format":"standard","meta":{"footnotes":""},"categories":[9],"tags":[],"class_list":["post-300","post","type-post","status-publish","format-standard","hentry","category-etappe-5"],"_links":{"self":[{"href":"https:\/\/www.rundwanderweg-triest.de\/it\/wp-json\/wp\/v2\/posts\/300","targetHints":{"allow":["GET"]}}],"collection":[{"href":"https:\/\/www.rundwanderweg-triest.de\/it\/wp-json\/wp\/v2\/posts"}],"about":[{"href":"https:\/\/www.rundwanderweg-triest.de\/it\/wp-json\/wp\/v2\/types\/post"}],"author":[{"embeddable":true,"href":"https:\/\/www.rundwanderweg-triest.de\/it\/wp-json\/wp\/v2\/users\/1"}],"replies":[{"embeddable":true,"href":"https:\/\/www.rundwanderweg-triest.de\/it\/wp-json\/wp\/v2\/comments?post=300"}],"version-history":[{"count":0,"href":"https:\/\/www.rundwanderweg-triest.de\/it\/wp-json\/wp\/v2\/posts\/300\/revisions"}],"wp:attachment":[{"href":"https:\/\/www.rundwanderweg-triest.de\/it\/wp-json\/wp\/v2\/media?parent=300"}],"wp:term":[{"taxonomy":"category","embeddable":true,"href":"https:\/\/www.rundwanderweg-triest.de\/it\/wp-json\/wp\/v2\/categories?post=300"},{"taxonomy":"post_tag","embeddable":true,"href":"https:\/\/www.rundwanderweg-triest.de\/it\/wp-json\/wp\/v2\/tags?post=300"}],"curies":[{"name":"wp","href":"https:\/\/api.w.org\/{rel}","templated":true}]}}