{"id":348,"date":"2018-04-09T08:31:01","date_gmt":"2018-04-09T06:31:01","guid":{"rendered":"https:\/\/www.rundwanderweg-triest.de\/?p=348"},"modified":"2018-12-21T17:15:20","modified_gmt":"2018-12-21T16:15:20","slug":"prove-di-arrivo-e-partenza","status":"publish","type":"post","link":"https:\/\/www.rundwanderweg-triest.de\/it\/an-und-abreise-triest\/","title":{"rendered":"Arrivo e partenza da Trieste"},"content":{"rendered":"<div id=\"pl-348\"  class=\"panel-layout\" ><div id=\"pg-348-0\"  class=\"panel-grid panel-no-style\" ><div id=\"pgc-348-0-0\"  class=\"panel-grid-cell\" ><div id=\"panel-348-0-0-0\" class=\"so-panel widget widget_metaslider_widget panel-first-child panel-last-child\" data-index=\"0\" ><div id=\"metaslider-id-370\" style=\"max-width: 1200px;\" class=\"ml-slider-3-108-0 metaslider metaslider-flex metaslider-370 ml-slider has-dots-nav ms-theme-simply-dark\" role=\"region\" aria-label=\"Arrivo\" data-height=\"413\" data-width=\"1200\">\n    <div id=\"metaslider_container_370\">\n        <div id=\"metaslider_370\">\n            <ul class='slides'>\n                <li style=\"display: block; width: 100%;\" class=\"slide-372 ms-image\" aria-roledescription=\"slide\" data-date=\"2018-04-11 20:55:00\" data-filename=\"Die-wundersch\u00f6ne-H\u00e4userfront-von-Triest-Molo-Audace-1.jpg\" data-slide-type=\"image\"><img loading=\"lazy\" decoding=\"async\" src=\"https:\/\/www.rundwanderweg-triest.de\/wp-content\/uploads\/Die-wundersch\u00f6ne-H\u00e4userfront-von-Triest-Molo-Audace-1.jpg\" height=\"413\" width=\"1200\" alt=\"\" class=\"slider-370 slide-372 msDefaultImage\" title=\"La bella casa di fronte a Trieste - Molo Audace\" \/><\/li>\n            <\/ul>\n        <\/div>\n        \n    <\/div>\n<\/div><\/div><\/div><\/div><div id=\"pg-348-1\"  class=\"panel-grid panel-no-style\" ><div id=\"pgc-348-1-0\"  class=\"panel-grid-cell\" ><div id=\"panel-348-1-0-0\" class=\"so-panel widget widget_sow-editor panel-first-child panel-last-child\" data-index=\"1\" ><div\n\t\t\t\n\t\t\tclass=\"so-widget-sow-editor so-widget-sow-editor-base\"\n\t\t\t\n\t\t><h3 class=\"widget-title\">Arrivo in auto o in treno<\/h3>\n<div class=\"siteorigin-widget-tinymce textwidget\">\n\t<p>Trieste \u00e8 collegata alla rete autostradale europea attraverso l'autostrada italiana A4 (Milano - Verona - Venezia - Sistiana) e la strada europea E61 (Villach - Lubiana - Trieste) che attraversa la Slovenia. Quando si viaggia, va notato che quando si transita nei Paesi alpini (Svizzera, Austria e Slovenia), \u00e8 obbligatorio il bollo sulle autostrade in ogni caso. Anche le autostrade italiane non sono esenti da pedaggio, ma il pedaggio viene addebitato separatamente per ogni tratto.<\/p>\n<p>Chi arriva in treno raggiunge Trieste attraverso la stazione ferroviaria principale\u00a0<em>Trieste Centrale.<\/em>\u00a0Purtroppo non esiste un collegamento diretto con la Germania. A seconda dei collegamenti, un viaggio dalla stazione centrale di Monaco di Baviera a Trieste Centrale dura dalle 7 alle 10 ore e richiede diversi cambi.<\/p>\n<p>&nbsp;<\/p>\n<\/div>\n<\/div><\/div><\/div><\/div><div id=\"pg-348-2\"  class=\"panel-grid panel-no-style\" ><div id=\"pgc-348-2-0\"  class=\"panel-grid-cell\" ><div id=\"panel-348-2-0-0\" class=\"so-panel widget widget_sow-editor panel-first-child panel-last-child\" data-index=\"2\" ><div\n\t\t\t\n\t\t\tclass=\"so-widget-sow-editor so-widget-sow-editor-base\"\n\t\t\t\n\t\t><h3 class=\"widget-title\">Arrivo in aereo<\/h3>\n<div class=\"siteorigin-widget-tinymce textwidget\">\n\t<p>Trieste ha il <a href=\"https:\/\/goo.gl\/maps\/4BjKb3Tjkd52\" target=\"_blank\" rel=\"noopener\">Aeroporto Friuli Venezia Giulia<\/a> ha un proprio aeroporto, ma questo aeroporto regionale \u00e8 servito solo da pochissime compagnie aeree (meno di 20 decolli\/atterraggi al giorno). Il modo migliore per raggiungere Trieste in aereo \u00e8 quindi attraverso il collegamento internazionale <strong>Aeroporto di Venezia<\/strong> (VCE - Aeroporto Marco Polo di Venezia) con successivo trasferimento in autobus o treno della durata di circa 2 ore. Sembra un'impresa ardua, ma le \"deviazioni\" via Venezia possono essere combinate con un breve soggiorno nella famosa citt\u00e0 lagunare se si pianifica il viaggio di conseguenza.<\/p>\n<p><strong>Collegamenti in autobus per Trieste direttamente dall'aeroporto di Venezia<\/strong> \u00e8 disponibile, ad esempio, presso <a href=\"https:\/\/www.flixbus.de\/busverbindung\/fernbus-triest-venedig\" target=\"_blank\" rel=\"noopener\">Flixbus<\/a> (Prezzi a seconda dell'orario e della richiesta tra 5\u20ac e 15\u20ac, durata del viaggio in autobus circa 2 ore).<\/p>\n<p>Chi <strong>dall'aeroporto di Venezia<\/strong>\u00a0<strong>in treno fino a Trieste<\/strong> Se si vuole andare a Venezia, bisogna prima imbarcarsi sul <a href=\"http:\/\/www.atvo.it\/index.php?lingua=de\" target=\"_blank\" rel=\"noopener\">Bus navetta per l'aeroporto<\/a> a una delle due stazioni ferroviarie di Venezia. I treni regionali per Trieste, che di solito circolano almeno ogni ora, fanno sempre scalo in entrambe le stazioni di Venezia: I treni partono dalla stazione capolinea\u00a0<em>Venezia Santa Lucia<\/em> (la stazione del centro citt\u00e0 all'estremit\u00e0 settentrionale del Canal Grande), quindi attraversare il ponte sulla terraferma fino alla stazione. <em>Venezia Mestre<\/em> e da l\u00ec a Trieste in circa 2 ore. I treni ad alta velocit\u00e0 italiani <em>Frecciarossa<\/em> sosta in pista <em>Milano - Trieste<\/em> solo nella stazione di terraferma <em>Venezia Mestre<\/em>.<\/p>\n<p>Le navette aeroportuali servono entrambe le stazioni. Dall'aeroporto il tragitto \u00e8 un po' pi\u00f9 breve, il bus navetta per <em>Venezia Mestre<\/em> e salire sul treno l\u00ec. Il percorso <em>Venezia Santa Lucia<\/em> \u00e8 di circa 15 minuti pi\u00f9 lungo, ma a seconda dell'orario di arrivo dell'aereo, raggiungerete lo stesso treno per Trieste in entrambe le varianti.<\/p>\n<p>&nbsp;<\/p>\n<\/div>\n<\/div><\/div><\/div><div id=\"pgc-348-2-1\"  class=\"panel-grid-cell\" ><div id=\"panel-348-2-1-0\" class=\"so-panel widget widget_sow-image panel-first-child\" data-index=\"3\" ><div\n\t\t\t\n\t\t\tclass=\"so-widget-sow-image so-widget-sow-image-default-8b5b6f678277-348\"\n\t\t\t\n\t\t>\n<div class=\"sow-image-container\">\n\t\t\t<a href=\"https:\/\/www.rundwanderweg-triest.de\/wp-content\/uploads\/Die-Bushaltestelle-des-Flixbus-befindet-sich-links-im-Bild.jpg\">\n\t\t\t<img \n\tsrc=\"https:\/\/www.rundwanderweg-triest.de\/wp-content\/uploads\/Die-Bushaltestelle-des-Flixbus-befindet-sich-links-im-Bild.jpg\" width=\"1692\" height=\"675\" srcset=\"https:\/\/www.rundwanderweg-triest.de\/wp-content\/uploads\/Die-Bushaltestelle-des-Flixbus-befindet-sich-links-im-Bild.jpg 1692w, https:\/\/www.rundwanderweg-triest.de\/wp-content\/uploads\/Die-Bushaltestelle-des-Flixbus-befindet-sich-links-im-Bild-300x120.jpg 300w, https:\/\/www.rundwanderweg-triest.de\/wp-content\/uploads\/Die-Bushaltestelle-des-Flixbus-befindet-sich-links-im-Bild-768x306.jpg 768w, https:\/\/www.rundwanderweg-triest.de\/wp-content\/uploads\/Die-Bushaltestelle-des-Flixbus-befindet-sich-links-im-Bild-1024x409.jpg 1024w\" sizes=\"(max-width: 1692px) 100vw, 1692px\" title=\"La fermata dell&#039;autobus Flixbus si trova sulla sinistra dell&#039;immagine.\" alt=\"\" \t\tclass=\"so-widget-image\"\/>\n\t\t\t<\/a><\/div>\n\n<h3 class=\"widget-title\">La fermata dell'autobus Flixbus si trova sulla sinistra dell'immagine.<\/h3><\/div><\/div><div id=\"panel-348-2-1-1\" class=\"so-panel widget widget_siteorigin-panels-builder panel-last-child\" data-index=\"4\" ><div id=\"pl-w5bf8477ca463a\"  class=\"panel-layout\" ><div id=\"pg-w5bf8477ca463a-0\"  class=\"panel-grid panel-no-style\" ><div id=\"pgc-w5bf8477ca463a-0-0\"  class=\"panel-grid-cell\" ><div id=\"panel-w5bf8477ca463a-0-0-0\" class=\"so-panel widget widget_sow-image panel-first-child panel-last-child\" data-index=\"0\" ><div\n\t\t\t\n\t\t\tclass=\"so-widget-sow-image so-widget-sow-image-default-8b5b6f678277\"\n\t\t\t\n\t\t>\n<div class=\"sow-image-container\">\n\t\t\t<a href=\"https:\/\/www.rundwanderweg-triest.de\/wp-content\/uploads\/Vom-Flughafen-Venedig-mit-Flixbus-direkt-nach-Triest.jpg\">\n\t\t\t<img \n\tsrc=\"https:\/\/www.rundwanderweg-triest.de\/wp-content\/uploads\/Vom-Flughafen-Venedig-mit-Flixbus-direkt-nach-Triest.jpg\" width=\"1200\" height=\"675\" srcset=\"https:\/\/www.rundwanderweg-triest.de\/wp-content\/uploads\/Vom-Flughafen-Venedig-mit-Flixbus-direkt-nach-Triest.jpg 1200w, https:\/\/www.rundwanderweg-triest.de\/wp-content\/uploads\/Vom-Flughafen-Venedig-mit-Flixbus-direkt-nach-Triest-300x169.jpg 300w, https:\/\/www.rundwanderweg-triest.de\/wp-content\/uploads\/Vom-Flughafen-Venedig-mit-Flixbus-direkt-nach-Triest-768x432.jpg 768w, https:\/\/www.rundwanderweg-triest.de\/wp-content\/uploads\/Vom-Flughafen-Venedig-mit-Flixbus-direkt-nach-Triest-1024x576.jpg 1024w\" sizes=\"(max-width: 1200px) 100vw, 1200px\" title=\"Dall&#039;aeroporto di Venezia con Flixbus direttamente a Trieste\" alt=\"\" \t\tclass=\"so-widget-image\"\/>\n\t\t\t<\/a><\/div>\n\n<h3 class=\"widget-title\">Dall'aeroporto di Venezia con Flixbus direttamente a Trieste<\/h3><\/div><\/div><\/div><div id=\"pgc-w5bf8477ca463a-0-1\"  class=\"panel-grid-cell\" ><div id=\"panel-w5bf8477ca463a-0-1-0\" class=\"so-panel widget widget_sow-image panel-first-child panel-last-child\" data-index=\"1\" ><div\n\t\t\t\n\t\t\tclass=\"so-widget-sow-image so-widget-sow-image-default-8b5b6f678277\"\n\t\t\t\n\t\t>\n<div class=\"sow-image-container\">\n\t\t\t<a href=\"https:\/\/www.rundwanderweg-triest.de\/wp-content\/uploads\/Airportshuttle-Flughafen-Venedig-ATVO.jpg\">\n\t\t\t<img \n\tsrc=\"https:\/\/www.rundwanderweg-triest.de\/wp-content\/uploads\/Airportshuttle-Flughafen-Venedig-ATVO.jpg\" width=\"1200\" height=\"675\" srcset=\"https:\/\/www.rundwanderweg-triest.de\/wp-content\/uploads\/Airportshuttle-Flughafen-Venedig-ATVO.jpg 1200w, https:\/\/www.rundwanderweg-triest.de\/wp-content\/uploads\/Airportshuttle-Flughafen-Venedig-ATVO-300x169.jpg 300w, https:\/\/www.rundwanderweg-triest.de\/wp-content\/uploads\/Airportshuttle-Flughafen-Venedig-ATVO-768x432.jpg 768w, https:\/\/www.rundwanderweg-triest.de\/wp-content\/uploads\/Airportshuttle-Flughafen-Venedig-ATVO-1024x576.jpg 1024w\" sizes=\"(max-width: 1200px) 100vw, 1200px\" title=\"Oppure prendete il bus navetta per l&#039;aeroporto di Venezia fino a una delle due stazioni ferroviarie e da l\u00ec prendete il treno per Trieste.\" alt=\"\" \t\tclass=\"so-widget-image\"\/>\n\t\t\t<\/a><\/div>\n\n<h3 class=\"widget-title\">Oppure prendete il bus navetta per l'aeroporto di Venezia fino a una delle due stazioni ferroviarie e da l\u00ec prendete il treno per Trieste.<\/h3><\/div><\/div><\/div><\/div><\/div><\/div><\/div><\/div><\/div>","protected":false},"excerpt":{"rendered":"<p>Triest ist \u00fcber die italienische Autobahn A4 (Mailand &#8211; Verona &#8211; Venedig &#8211; Sistiana) und \u00fcber die durch Slowenien verlaufende Europastra\u00dfe E61 (Villach &#8211; Ljubljana &#8211; Triest) an das europ\u00e4ische Autobahn-Netz angebunden. Bei der Anfahrt ist zu beachten, dass beim Transit durch die Alpenl\u00e4nder (Schweiz, \u00d6sterreich und Slowenien) auf den Autobahnen jeweils eine Vignettenpflicht besteht. [&hellip;]<\/p>\n","protected":false},"author":1,"featured_media":0,"comment_status":"closed","ping_status":"closed","sticky":false,"template":"","format":"standard","meta":{"footnotes":""},"categories":[5],"tags":[],"class_list":["post-348","post","type-post","status-publish","format-standard","hentry","category-anreise-abreise-triest"],"_links":{"self":[{"href":"https:\/\/www.rundwanderweg-triest.de\/it\/wp-json\/wp\/v2\/posts\/348","targetHints":{"allow":["GET"]}}],"collection":[{"href":"https:\/\/www.rundwanderweg-triest.de\/it\/wp-json\/wp\/v2\/posts"}],"about":[{"href":"https:\/\/www.rundwanderweg-triest.de\/it\/wp-json\/wp\/v2\/types\/post"}],"author":[{"embeddable":true,"href":"https:\/\/www.rundwanderweg-triest.de\/it\/wp-json\/wp\/v2\/users\/1"}],"replies":[{"embeddable":true,"href":"https:\/\/www.rundwanderweg-triest.de\/it\/wp-json\/wp\/v2\/comments?post=348"}],"version-history":[{"count":0,"href":"https:\/\/www.rundwanderweg-triest.de\/it\/wp-json\/wp\/v2\/posts\/348\/revisions"}],"wp:attachment":[{"href":"https:\/\/www.rundwanderweg-triest.de\/it\/wp-json\/wp\/v2\/media?parent=348"}],"wp:term":[{"taxonomy":"category","embeddable":true,"href":"https:\/\/www.rundwanderweg-triest.de\/it\/wp-json\/wp\/v2\/categories?post=348"},{"taxonomy":"post_tag","embeddable":true,"href":"https:\/\/www.rundwanderweg-triest.de\/it\/wp-json\/wp\/v2\/tags?post=348"}],"curies":[{"name":"wp","href":"https:\/\/api.w.org\/{rel}","templated":true}]}}