{"id":452,"date":"2018-05-01T12:03:35","date_gmt":"2018-05-01T10:03:35","guid":{"rendered":"https:\/\/www.rundwanderweg-triest.de\/?p=452"},"modified":"2018-07-17T16:25:37","modified_gmt":"2018-07-17T14:25:37","slug":"alloggio-in-sistiana","status":"publish","type":"post","link":"https:\/\/www.rundwanderweg-triest.de\/it\/unterkunft-in-sistiana\/","title":{"rendered":"Tappa 1: Alloggio a Sistiana"},"content":{"rendered":"<div id=\"pl-452\"  class=\"panel-layout\" ><div id=\"pg-452-0\"  class=\"panel-grid panel-no-style\" ><div id=\"pgc-452-0-0\"  class=\"panel-grid-cell\" ><div id=\"panel-452-0-0-0\" class=\"so-panel widget widget_sow-image panel-first-child panel-last-child\" data-index=\"0\" ><div\n\t\t\t\n\t\t\tclass=\"so-widget-sow-image so-widget-sow-image-default-8b5b6f678277-452\"\n\t\t\t\n\t\t>\n<div class=\"sow-image-container\">\n\t\t\t<a href=\"https:\/\/www.rundwanderweg-triest.de\/wp-content\/uploads\/\u00dcbernachtung-in-Sistiana-Hotel-Eden-ein-sehr-gepflegtes-3-Sterne-Hotel-mit-gutem-Fr\u00fchst\u00fcck-und-sch\u00f6ner-Terrasse.jpg\"\n\t\t\t\t\t>\n\t\t\t<img \n\tsrc=\"https:\/\/www.rundwanderweg-triest.de\/wp-content\/uploads\/\u00dcbernachtung-in-Sistiana-Hotel-Eden-ein-sehr-gepflegtes-3-Sterne-Hotel-mit-gutem-Fr\u00fchst\u00fcck-und-sch\u00f6ner-Terrasse.jpg\" width=\"1200\" height=\"675\" srcset=\"https:\/\/www.rundwanderweg-triest.de\/wp-content\/uploads\/\u00dcbernachtung-in-Sistiana-Hotel-Eden-ein-sehr-gepflegtes-3-Sterne-Hotel-mit-gutem-Fr\u00fchst\u00fcck-und-sch\u00f6ner-Terrasse.jpg 1200w, https:\/\/www.rundwanderweg-triest.de\/wp-content\/uploads\/\u00dcbernachtung-in-Sistiana-Hotel-Eden-ein-sehr-gepflegtes-3-Sterne-Hotel-mit-gutem-Fr\u00fchst\u00fcck-und-sch\u00f6ner-Terrasse-300x169.jpg 300w, https:\/\/www.rundwanderweg-triest.de\/wp-content\/uploads\/\u00dcbernachtung-in-Sistiana-Hotel-Eden-ein-sehr-gepflegtes-3-Sterne-Hotel-mit-gutem-Fr\u00fchst\u00fcck-und-sch\u00f6ner-Terrasse-768x432.jpg 768w, https:\/\/www.rundwanderweg-triest.de\/wp-content\/uploads\/\u00dcbernachtung-in-Sistiana-Hotel-Eden-ein-sehr-gepflegtes-3-Sterne-Hotel-mit-gutem-Fr\u00fchst\u00fcck-und-sch\u00f6ner-Terrasse-1024x576.jpg 1024w\" sizes=\"(max-width: 1200px) 100vw, 1200px\" title=\"L&#039;Hotel Eden di Sistiana \u00e8 un albergo a 3 stelle ben curato e con un&#039;ottima colazione.\" alt=\"\" \t\tclass=\"so-widget-image\"\/>\n\t\t\t<\/a><\/div>\n\n<h3 class=\"widget-title\">L'Hotel Eden di Sistiana \u00e8 un albergo a 3 stelle ben curato e con un'ottima colazione.<\/h3><\/div><\/div><\/div><\/div><div id=\"pg-452-1\"  class=\"panel-grid panel-no-style\" ><div id=\"pgc-452-1-0\"  class=\"panel-grid-cell\" ><div id=\"panel-452-1-0-0\" class=\"so-panel widget widget_black-studio-tinymce widget_black_studio_tinymce panel-first-child\" data-index=\"1\" ><h3 class=\"widget-title\">Albergo Eden a Sistiana<\/h3><div class=\"textwidget\"><p>A Sistiana possiamo visitare il\u00a0<a class=\"booking-link\" href=\"https:\/\/www.booking.com\/hotel\/it\/eden-duino-aurisina.html?aid=1497352\" target=\"_blank\" rel=\"noopener\">Albergo Eden<\/a>\u00a0raccomandare: Sebbene le camere sembrino un po' sterili a prima vista, l'accoglienza dell'hotel \u00e8 stata molto calorosa e la colazione a buffet molto varia e deliziosa. Ci\u00f2 \u00e8 probabilmente dovuto anche al fatto che l'hotel gestisce anche un ristorante al piano terra dedicato alla cucina di alto livello.<\/p>\n<p>Le camere dell'hotel a 3 stelle sono pulite e curate, i bagni quasi come nuovi. Un accento particolare \u00e8 dato dalle lampade da comodino e dalla carta da parati, a righe longitudinali o a scacchiera, a seconda della stanza. Solo la posizione sulla strada principale pu\u00f2 essere uno svantaggio. Se vi piace dormire con la finestra aperta di notte e avete una camera che si affaccia sulla strada principale, sarebbe meglio tenere la finestra chiusa e alzare un po' l'aria condizionata. L'aria condizionata dell'Hotel Eden funziona bene.<\/p>\n<\/div><\/div><div id=\"panel-452-1-0-1\" class=\"so-panel widget widget_sow-image panel-last-child\" data-index=\"2\" ><div\n\t\t\t\n\t\t\tclass=\"so-widget-sow-image so-widget-sow-image-default-8b5b6f678277-452\"\n\t\t\t\n\t\t>\n<div class=\"sow-image-container\">\n\t\t\t<a href=\"https:\/\/www.rundwanderweg-triest.de\/wp-content\/uploads\/\u00dcbernachtung-in-Sistiana-Hotel-Eden-sch\u00f6nes-und-ger\u00e4umiges-Badezimmer.jpg\">\n\t\t\t<img \n\tsrc=\"https:\/\/www.rundwanderweg-triest.de\/wp-content\/uploads\/\u00dcbernachtung-in-Sistiana-Hotel-Eden-sch\u00f6nes-und-ger\u00e4umiges-Badezimmer.jpg\" width=\"800\" height=\"600\" srcset=\"https:\/\/www.rundwanderweg-triest.de\/wp-content\/uploads\/\u00dcbernachtung-in-Sistiana-Hotel-Eden-sch\u00f6nes-und-ger\u00e4umiges-Badezimmer.jpg 800w, https:\/\/www.rundwanderweg-triest.de\/wp-content\/uploads\/\u00dcbernachtung-in-Sistiana-Hotel-Eden-sch\u00f6nes-und-ger\u00e4umiges-Badezimmer-300x225.jpg 300w, https:\/\/www.rundwanderweg-triest.de\/wp-content\/uploads\/\u00dcbernachtung-in-Sistiana-Hotel-Eden-sch\u00f6nes-und-ger\u00e4umiges-Badezimmer-768x576.jpg 768w\" sizes=\"(max-width: 800px) 100vw, 800px\" title=\"Bagni belli e spaziosi all&#039;Hotel Eden di Sistiana\" alt=\"\" \t\tclass=\"so-widget-image\"\/>\n\t\t\t<\/a><\/div>\n\n<h3 class=\"widget-title\">Bagni belli e spaziosi all'Hotel Eden di Sistiana<\/h3><\/div><\/div><\/div><div id=\"pgc-452-1-1\"  class=\"panel-grid-cell\" ><div id=\"panel-452-1-1-0\" class=\"so-panel widget widget_sow-image panel-first-child\" data-index=\"3\" ><div\n\t\t\t\n\t\t\tclass=\"so-widget-sow-image so-widget-sow-image-default-8b5b6f678277-452\"\n\t\t\t\n\t\t>\n<div class=\"sow-image-container\">\n\t\t\t<a href=\"https:\/\/www.rundwanderweg-triest.de\/wp-content\/uploads\/\u00dcbernachtung-in-Sistiana-Hotel-Eden-Das-Restaurant-Vanilija-geh\u00f6rt-zum-Hotel-gehobenes-Ambiente-mit-Outdoor-Bar.jpg\">\n\t\t\t<img \n\tsrc=\"https:\/\/www.rundwanderweg-triest.de\/wp-content\/uploads\/\u00dcbernachtung-in-Sistiana-Hotel-Eden-Das-Restaurant-Vanilija-geh\u00f6rt-zum-Hotel-gehobenes-Ambiente-mit-Outdoor-Bar.jpg\" width=\"600\" height=\"800\" srcset=\"https:\/\/www.rundwanderweg-triest.de\/wp-content\/uploads\/\u00dcbernachtung-in-Sistiana-Hotel-Eden-Das-Restaurant-Vanilija-geh\u00f6rt-zum-Hotel-gehobenes-Ambiente-mit-Outdoor-Bar.jpg 600w, https:\/\/www.rundwanderweg-triest.de\/wp-content\/uploads\/\u00dcbernachtung-in-Sistiana-Hotel-Eden-Das-Restaurant-Vanilija-geh\u00f6rt-zum-Hotel-gehobenes-Ambiente-mit-Outdoor-Bar-225x300.jpg 225w\" sizes=\"(max-width: 600px) 100vw, 600px\" title=\"Il ristorante Vanilija fa parte dell&#039;hotel. Quando il tempo \u00e8 bello, sulla terrazza viene allestito un bar all&#039;aperto.\" alt=\"\" \t\tclass=\"so-widget-image\"\/>\n\t\t\t<\/a><\/div>\n\n<h3 class=\"widget-title\">Il ristorante Vanilija fa parte dell'hotel. Quando il tempo \u00e8 bello, sulla terrazza viene allestito un bar all'aperto.<\/h3><\/div><\/div><div id=\"panel-452-1-1-1\" class=\"so-panel widget widget_sow-image panel-last-child\" data-index=\"4\" ><div\n\t\t\t\n\t\t\tclass=\"so-widget-sow-image so-widget-sow-image-default-8b5b6f678277-452\"\n\t\t\t\n\t\t>\n<div class=\"sow-image-container\">\n\t\t\t<a href=\"https:\/\/www.rundwanderweg-triest.de\/wp-content\/uploads\/\u00dcbernachtung-in-Sistiana-Hotel-Eden-schicke-Zimmer.jpg\">\n\t\t\t<img \n\tsrc=\"https:\/\/www.rundwanderweg-triest.de\/wp-content\/uploads\/\u00dcbernachtung-in-Sistiana-Hotel-Eden-schicke-Zimmer.jpg\" width=\"1200\" height=\"580\" srcset=\"https:\/\/www.rundwanderweg-triest.de\/wp-content\/uploads\/\u00dcbernachtung-in-Sistiana-Hotel-Eden-schicke-Zimmer.jpg 1200w, https:\/\/www.rundwanderweg-triest.de\/wp-content\/uploads\/\u00dcbernachtung-in-Sistiana-Hotel-Eden-schicke-Zimmer-300x145.jpg 300w, https:\/\/www.rundwanderweg-triest.de\/wp-content\/uploads\/\u00dcbernachtung-in-Sistiana-Hotel-Eden-schicke-Zimmer-768x371.jpg 768w, https:\/\/www.rundwanderweg-triest.de\/wp-content\/uploads\/\u00dcbernachtung-in-Sistiana-Hotel-Eden-schicke-Zimmer-1024x495.jpg 1024w\" sizes=\"(max-width: 1200px) 100vw, 1200px\" title=\"Camera con carta da parati a righe longitudinali all&#039;Hotel Eden di Sistiana\" alt=\"\" \t\tclass=\"so-widget-image\"\/>\n\t\t\t<\/a><\/div>\n\n<h3 class=\"widget-title\">Camera con carta da parati a righe longitudinali all'Hotel Eden di Sistiana<\/h3><\/div><\/div><\/div><\/div><\/div>","protected":false},"excerpt":{"rendered":"<p>In Sistiana k\u00f6nnen wir das\u00a0Hotel Eden\u00a0empfehlen: Die Zimmer erscheinen auf den ersten Blick zwar etwas steril, der Empfang im Hotel war jedoch sehr herzlich und das Fr\u00fchst\u00fccksbuffet sehr vielf\u00e4ltig und lecker. Dies liegt wohl nicht zuletzt daran, dass das Hotel im Erdgeschoss auch ein Restaurant betreibt, das sich der gehobenen K\u00fcche verschrieben hat. Die Zimmer [&hellip;]<\/p>\n","protected":false},"author":1,"featured_media":0,"comment_status":"closed","ping_status":"closed","sticky":false,"template":"","format":"standard","meta":{"footnotes":""},"categories":[16,13],"tags":[],"class_list":["post-452","post","type-post","status-publish","format-standard","hentry","category-unterkuenfte","category-etappe-1"],"_links":{"self":[{"href":"https:\/\/www.rundwanderweg-triest.de\/it\/wp-json\/wp\/v2\/posts\/452","targetHints":{"allow":["GET"]}}],"collection":[{"href":"https:\/\/www.rundwanderweg-triest.de\/it\/wp-json\/wp\/v2\/posts"}],"about":[{"href":"https:\/\/www.rundwanderweg-triest.de\/it\/wp-json\/wp\/v2\/types\/post"}],"author":[{"embeddable":true,"href":"https:\/\/www.rundwanderweg-triest.de\/it\/wp-json\/wp\/v2\/users\/1"}],"replies":[{"embeddable":true,"href":"https:\/\/www.rundwanderweg-triest.de\/it\/wp-json\/wp\/v2\/comments?post=452"}],"version-history":[{"count":0,"href":"https:\/\/www.rundwanderweg-triest.de\/it\/wp-json\/wp\/v2\/posts\/452\/revisions"}],"wp:attachment":[{"href":"https:\/\/www.rundwanderweg-triest.de\/it\/wp-json\/wp\/v2\/media?parent=452"}],"wp:term":[{"taxonomy":"category","embeddable":true,"href":"https:\/\/www.rundwanderweg-triest.de\/it\/wp-json\/wp\/v2\/categories?post=452"},{"taxonomy":"post_tag","embeddable":true,"href":"https:\/\/www.rundwanderweg-triest.de\/it\/wp-json\/wp\/v2\/tags?post=452"}],"curies":[{"name":"wp","href":"https:\/\/api.w.org\/{rel}","templated":true}]}}